{"id":100,"date":"2014-09-16T07:47:45","date_gmt":"2014-09-16T05:47:45","guid":{"rendered":"https:\/\/fc09ueberlingen.de\/?p=100"},"modified":"2014-09-16T07:47:45","modified_gmt":"2014-09-16T05:47:45","slug":"spielberichte-ah","status":"publish","type":"post","link":"https:\/\/fc09ueberlingen.de\/?p=100","title":{"rendered":"AH Spielberichte AH"},"content":{"rendered":"<h1>\u00a0<\/h1>\n<p class=\"western\">\u00a0<\/p>\n<h1><span style=\"color: #ff0000;\">2017<\/span><\/h1>\n<p class=\"western\">\u00a0<\/p>\n<p class=\"western\"><span style=\"font-family: tahoma,arial,helvetica,sans-serif; font-size: 12pt; color: #000000;\"><span style=\"font-size: 8pt; font-family: tahoma,arial,helvetica,sans-serif;\">30.10.2017<\/span><\/span><\/p>\n<h3 class=\"western\"><span style=\"font-family: tahoma,arial,helvetica,sans-serif; font-size: 12pt; color: #000080;\">Deutscher \u00dc40-AH-POKAL &#8211; bundesweite Premiere ab Oktober 2017 mit interessanten Mannschaften<br \/><\/span><span style=\"font-size: small; font-family: tahoma,arial,helvetica,sans-serif; color: #000080;\"><b>FC 09 \u00dcberlingen\/AH ist Teilnehmer am Premiere-Wettbewerb der Saison 2017\/2018<\/b><\/span><\/h3>\n<p style=\"margin-bottom: 0cm;\"><span style=\"font-family: tahoma,arial,helvetica,sans-serif;\"><span style=\"color: #333333; font-size: 10pt;\">Erstmals wird in der Saison 2017\/2018 eine Fu\u00dfball-Pokalrunde f\u00fcr \u00dc40-Mannschaften bundes-weit \u00fcberregional ausgetragen.<br \/><\/span><span style=\"color: #333333; font-size: 10pt;\">24 Mannschaften haben f\u00fcr die Premiere gemeldet. Darunter Traditionsvereine wie der VfL Wolfsburg, Hallescher FC, DSC Arminia Bielefeld, SC Paderborn, SC Westfalia Herne, VfR Wormatia Worms und HSV Barmbek-Uhlenhorst.<\/span><\/span><\/p>\n<p style=\"margin-bottom: 0cm;\"><span style=\"font-family: tahoma,arial,helvetica,sans-serif; font-size: 10pt;\"><span style=\"color: #333333;\">Der Wettbewerb wurde ins Leben gerufen, um deutschen \u00dc40-Fu\u00dfballmannschaften die M\u00f6glichkeit zu geben, an einem \u00fcberregionalen, nationalen Pokalwettbewerb teilzunehmen. Bereits langj\u00e4hrig werden bei den \u00dc40- und \u00dc50-Senioren die Deutschen Meisterschaften &#8211; der DFB-\u00dc40-Cup und<br \/> DFB-\u00dc50-Cup &#8211; jeweils j\u00e4hrlich im September in Berlin ausgetragen &#8211; jedoch ist d<\/span><span style=\"color: #333333;\">ie Qualifikation zu diesen Wettbewerben sehr schwierig und die Teilnehmerzahl auf 10 Teams in der Altersklasse \u00dc40 und auf 6 Teams in der Altersklasse \u00dc50 beschr\u00e4nkt.<\/span><\/span><\/p>\n<p style=\"margin-bottom: 0cm;\"><span style=\"font-family: tahoma,arial,helvetica,sans-serif; font-size: 10pt;\"><span style=\"color: #333333;\">Das war der ausschlaggebende Punkt f<\/span><span style=\"color: #333333;\">\u00fcr die Idee, einen bundesweiten deutschen <\/span><span style=\"color: #333333;\">AH<\/span><span style=\"color: #333333;\">\/<\/span><span style=\"color: #333333;\">\u00dc40<\/span><span style=\"color: #333333;\">&#8211;<\/span><span style=\"color: #333333;\">Pokalwettbewerb ins Leben zu rufen, an dem <\/span><span style=\"color: #333333;\">interessierte<br \/><\/span><span style=\"color: #333333;\">\u00dc40<\/span><span style=\"color: #333333;\">&#8211;<\/span><span style=\"color: #333333;\">Teams von Amateurclubs von Flensburg bis <\/span><span style=\"color: #333333;\">B<\/span><span style=\"color: #333333;\">erchtesgaden und <\/span><span style=\"color: #333333;\">auch <\/span><span style=\"color: #333333;\">Traditionsmannschaften ohne Qualifikation teilnehmen k\u00f6nnen.<\/span><span style=\"color: #333333;\"> Neben den<br \/> <\/span><span style=\"color: #333333;\">\u00dc40<\/span><span style=\"color: #333333;\">&#8211;<\/span><span style=\"color: #333333;\">Mannschaften, die nicht in Spielrund<\/span><span style=\"color: #333333;\">en organisiert sind, haben <\/span><span style=\"color: #333333;\">auch Traditionsmannschaften die M\u00f6glichkeit, sich &#8211; abseits von Benefiz- und Freundschaftsspielen &#8211; einem Wettbewerb zu stellen, an dessen Ende <\/span><span style=\"color: #333333;\">mit dem Deutschen \u00dc40-AH-Pokalsieger <\/span><span style=\"color: #333333;\">ein Titel<\/span><span style=\"color: #333333;\">gewinn<\/span><span style=\"color: #333333;\"> und interessante Preisgelder stehen.<\/span><\/span><\/p>\n<p style=\"margin-bottom: 0cm;\"><span style=\"font-family: tahoma,arial,helvetica,sans-serif; font-size: 10pt;\"><span style=\"color: #333333;\">Am Samstag, 28. Oktober <\/span><span style=\"color: #333333;\">2017 ist der <\/span><span style=\"color: #333333;\">Deutsche \u00dc40<\/span><span style=\"color: #333333;\">-AH-<\/span><span style=\"color: #333333;\">Pokal mit der <\/span><span style=\"color: #333333;\">Partie <\/span><span style=\"color: #333333;\">TSV Mariendorf 1897 <\/span><span style=\"color: #333333;\">(Berlin) gegen BSG Stahl Riesa\/<\/span><span style=\"color: #333333;\">Meissen<\/span><span style=\"color: #333333;\"> (Sachsen) in die 1. Pokalrunde gestartet<\/span><span style=\"color: #333333;\">. <\/span><span style=\"color: #333333;\">Mit einem deutlichen 6:1-Ausw\u00e4rtssieg triumphierte mit der BSG Stahl Riesa\/Meissen <\/span><span style=\"color: #333333;\">de<\/span><span style=\"color: #333333;\">r<\/span><span style=\"color: #333333;\"> Deutsche \u00dc40<\/span><span style=\"color: #333333;\">-Vizemeister 2011.<\/span><\/span><\/p>\n<p class=\"western\"><span style=\"font-size: 10pt; font-family: tahoma,arial,helvetica,sans-serif;\"><span style=\"color: #333333;\">Die Spielzeit<\/span><span style=\"color: #333333;\">en<\/span><span style=\"color: #333333;\"> betr<\/span><span style=\"color: #333333;\">agen <\/span><span style=\"color: #333333;\">2x 35 Minuten<\/span><span style=\"color: #333333;\"> \u2013 bei Remis wird <\/span><span style=\"color: #333333;\">um 2x 10 Minuten verl\u00e4ngert<\/span><span style=\"color: #333333;\"> mit ggf. anschlie\u00dfendem <\/span><span style=\"color: #333333;\">Elfmeterschie\u00dfen. Die 1. <\/span><span style=\"color: #333333;\">Pokalr<\/span><span style=\"color: #333333;\">unde wird <\/span><span style=\"color: #333333;\">weitgehend <\/span><span style=\"color: #333333;\">im Oktobe<\/span><span style=\"color: #333333;\">r<\/span><span style=\"color: #333333;\">\/November 2017 ausgetragen, die folgenden Runden im <\/span><span style=\"color: #333333;\">M\u00e4rz\/April <\/span><span style=\"color: #333333;\">2018<\/span><span style=\"color: #333333;\"> &#8211; die Halbfinals finden im Mai 2018 statt, das Finale steigt im Juni 2018. <\/span><\/span><\/p>\n<p class=\"western\"><span style=\"font-size: 10pt; font-family: tahoma,arial,helvetica,sans-serif;\"><span style=\"color: #333333;\">Die 1. Pokalrunde ist f\u00fcr unseren <\/span><span style=\"color: #333333;\"><b>FC 09 \u00dcberlingen<\/b><\/span><span style=\"color: #333333;\"> auf den <\/span><span style=\"color: #333333;\"><b>17. M\u00e4rz 2018<\/b><\/span><span style=\"color: #333333;\"> terminiert &#8211; wir treten beim <\/span><span style=\"color: #333333;\"><b>TV Neuler (W\u00fcrttemberg)<\/b><\/span><span style=\"color: #333333;\"> an.<\/span><\/span><\/p>\n<p style=\"margin-bottom: 0cm;\"><span style=\"font-family: tahoma,arial,helvetica,sans-serif;\"><span style=\"font-size: small;\"><span style=\"color: #333333;\">F\u00fcr die 1. Runde zum Deutschen \u00dc40-AH-Pokal wurden folgende Spielpaarungen ausgelost:<\/span><\/span><\/span> <\/p>\n<p style=\"margin-bottom: 0cm;\">\u00a0<\/p>\n<table style=\"height: 570px;\" border=\"0\" width=\"717\" cellspacing=\"0\" cellpadding=\"4\">\n<colgroup>\n<col width=\"68\">\n<col width=\"189\">\n<col width=\"30\">\n<col width=\"189\">\n<col width=\"53\"> <\/colgroup>\n<tbody>\n<tr valign=\"TOP\">\n<td bgcolor=\"#dddddd\" width=\"68\">\n<p style=\"font-weight: normal;\"><span style=\"font-family: Tahoma,sans-serif; color: #000000;\"><span style=\"font-size: small;\"><i>Spiel 1<\/i><\/span><\/span><\/p>\n<\/td>\n<td bgcolor=\"#dddddd\" width=\"189\">\n<p style=\"font-weight: normal;\"><span style=\"font-family: Tahoma,sans-serif; color: #333399;\"><span style=\"font-size: small;\">TV Neuler<\/span><\/span><\/p>\n<\/td>\n<td bgcolor=\"#dddddd\" width=\"30\">\n<p align=\"CENTER\"><span style=\"font-family: Tahoma,sans-serif; color: #333399;\"><span style=\"font-size: small;\"><b>&#8211;<\/b><\/span><\/span><\/p>\n<\/td>\n<td bgcolor=\"#dddddd\" width=\"189\">\n<p><span style=\"font-family: Tahoma,sans-serif; color: #333399;\"><span style=\"font-size: small;\"><b>FC 09 \u00dcberlingen <\/b><\/span><\/span><\/p>\n<\/td>\n<td bgcolor=\"#dddddd\" width=\"53\">\n<p align=\"CENTER\">\u00a0<\/p>\n<\/td>\n<\/tr>\n<tr valign=\"TOP\">\n<td width=\"68\">\n<p><span style=\"font-family: Tahoma,sans-serif;\"><span style=\"font-size: small;\"><i>Spiel 2<\/i><\/span><\/span><\/p>\n<\/td>\n<td width=\"189\">\n<p><span style=\"font-family: Tahoma,sans-serif;\"><span style=\"font-size: small;\">SSV Vimaria Weimar <\/span><\/span><\/p>\n<\/td>\n<td width=\"30\">\n<p align=\"CENTER\"><span style=\"font-family: Tahoma,sans-serif;\"><span style=\"font-size: small;\">&#8211;<\/span><\/span><\/p>\n<\/td>\n<td width=\"189\">\n<p><span style=\"font-family: Tahoma,sans-serif;\"><span style=\"font-size: small;\">VfB Giessen\/TSV Gro\u00dfen-Linden <\/span><\/span><\/p>\n<\/td>\n<td width=\"53\">\n<p align=\"CENTER\">\u00a0<\/p>\n<\/td>\n<\/tr>\n<tr valign=\"TOP\">\n<td bgcolor=\"#dddddd\" width=\"68\">\n<p><span style=\"font-family: Tahoma,sans-serif;\"><span style=\"font-size: small;\"><i>Spiel 3<\/i><\/span><\/span><\/p>\n<\/td>\n<td bgcolor=\"#dddddd\" width=\"189\">\n<p><span style=\"font-family: Tahoma,sans-serif;\"><span style=\"font-size: small;\">TSV Mariendorf 1897 <\/span><\/span><\/p>\n<\/td>\n<td bgcolor=\"#dddddd\" width=\"30\">\n<p align=\"CENTER\"><span style=\"font-family: Tahoma,sans-serif;\"><span style=\"font-size: small;\">&#8211;<\/span><\/span><\/p>\n<\/td>\n<td bgcolor=\"#dddddd\" width=\"189\">\n<p><span style=\"font-family: Tahoma,sans-serif;\"><span style=\"font-size: small;\">BSG Stahl Riesa\/ Meissen<\/span><\/span><\/p>\n<\/td>\n<td bgcolor=\"#dddddd\" width=\"53\">\n<p align=\"CENTER\"><span style=\"font-family: Tahoma,sans-serif;\"><span style=\"font-size: small;\">1:6<\/span><\/span><\/p>\n<\/td>\n<\/tr>\n<tr valign=\"TOP\">\n<td width=\"68\">\n<p><span style=\"font-family: Tahoma,sans-serif;\"><span style=\"font-size: small;\"><i>Spiel 4 <\/i><\/span><\/span><\/p>\n<\/td>\n<td width=\"189\">\n<p><span style=\"font-family: Tahoma,sans-serif;\"><span style=\"font-size: small;\">HSV Barmbek-Uhlenhorst <\/span><\/span><\/p>\n<\/td>\n<td width=\"30\">\n<p align=\"CENTER\"><span style=\"font-family: Tahoma,sans-serif;\"><span style=\"font-size: small;\">&#8211;<\/span><\/span><\/p>\n<\/td>\n<td width=\"189\">\n<p><span style=\"font-family: Tahoma,sans-serif;\"><span style=\"font-size: small;\">VfL Wolfsburg <\/span><\/span><\/p>\n<\/td>\n<td width=\"53\">\n<p align=\"CENTER\">\u00a0<\/p>\n<\/td>\n<\/tr>\n<tr valign=\"TOP\">\n<td bgcolor=\"#dddddd\" width=\"68\">\n<p><span style=\"font-family: Tahoma,sans-serif;\"><span style=\"font-size: small;\"><i>Spiel 5<\/i><\/span><\/span><\/p>\n<\/td>\n<td bgcolor=\"#dddddd\" width=\"189\">\n<p><span style=\"font-family: Tahoma,sans-serif;\"><span style=\"font-size: small;\">VfB Hermsdorf <\/span><\/span><\/p>\n<\/td>\n<td bgcolor=\"#dddddd\" width=\"30\">\n<p align=\"CENTER\"><span style=\"font-family: Tahoma,sans-serif;\"><span style=\"font-size: small;\">&#8211;<\/span><\/span><\/p>\n<\/td>\n<td bgcolor=\"#dddddd\" width=\"189\">\n<p><span style=\"font-family: Tahoma,sans-serif;\"><span style=\"font-size: small;\">Hallescher FC <\/span><\/span><\/p>\n<\/td>\n<td bgcolor=\"#dddddd\" width=\"53\">\n<p align=\"CENTER\">\u00a0<\/p>\n<\/td>\n<\/tr>\n<tr valign=\"TOP\">\n<td width=\"68\">\n<p><span style=\"font-family: Tahoma,sans-serif;\"><span style=\"font-size: small;\"><i>Spiel 6<\/i><\/span><\/span><\/p>\n<\/td>\n<td width=\"189\">\n<p><span style=\"font-family: Tahoma,sans-serif;\"><span style=\"font-size: small;\">SF Troisdorf <\/span><\/span><\/p>\n<\/td>\n<td width=\"30\">\n<p align=\"CENTER\"><span style=\"font-family: Tahoma,sans-serif;\"><span style=\"font-size: small;\">&#8211;<\/span><\/span><\/p>\n<\/td>\n<td width=\"189\">\n<p><span style=\"font-family: Tahoma,sans-serif;\"><span style=\"font-size: small;\">SC Westfalia Herne <\/span><\/span><\/p>\n<\/td>\n<td width=\"53\">\n<p align=\"CENTER\">\u00a0<\/p>\n<\/td>\n<\/tr>\n<tr valign=\"TOP\">\n<td bgcolor=\"#dddddd\" width=\"68\">\n<p><span style=\"font-family: Tahoma,sans-serif;\"><span style=\"font-size: small;\"><i>Spiel 7<\/i><\/span><\/span><\/p>\n<\/td>\n<td bgcolor=\"#dddddd\" width=\"189\">\n<p><span style=\"font-family: Tahoma,sans-serif;\"><span style=\"font-size: small;\">FC Vorw\u00e4rts Wettringen <\/span><\/span><\/p>\n<\/td>\n<td bgcolor=\"#dddddd\" width=\"30\">\n<p align=\"CENTER\"><span style=\"font-family: Tahoma,sans-serif;\"><span style=\"font-size: small;\">&#8211;<\/span><\/span><\/p>\n<\/td>\n<td bgcolor=\"#dddddd\" width=\"189\">\n<p><span style=\"font-family: Tahoma,sans-serif;\"><span style=\"font-size: small;\">DSC Arminia Bielefeld<\/span><\/span><\/p>\n<\/td>\n<td bgcolor=\"#dddddd\" width=\"53\">\n<p align=\"CENTER\">\u00a0<\/p>\n<\/td>\n<\/tr>\n<tr valign=\"TOP\">\n<td width=\"68\">\n<p><span style=\"font-family: Tahoma,sans-serif;\"><span style=\"font-size: small;\"><i>Spiel 8 <\/i><\/span><\/span><\/p>\n<\/td>\n<td width=\"189\">\n<p><span style=\"font-family: Tahoma,sans-serif;\"><span style=\"font-size: small;\">VfB Kirchhellen <\/span><\/span><\/p>\n<\/td>\n<td width=\"30\">\n<p align=\"CENTER\"><span style=\"font-family: Tahoma,sans-serif;\"><span style=\"font-size: small;\">&#8211;<\/span><\/span><\/p>\n<\/td>\n<td width=\"189\">\n<p><span style=\"font-family: Tahoma,sans-serif;\"><span style=\"font-size: small;\">FC Hennef 05 <\/span><\/span><\/p>\n<\/td>\n<td width=\"53\">\n<p align=\"CENTER\">\u00a0<\/p>\n<\/td>\n<\/tr>\n<tr valign=\"TOP\">\n<td bgcolor=\"#dddddd\" width=\"68\">\n<p><span style=\"font-family: Tahoma,sans-serif;\"><span style=\"font-size: small;\"><i>Spiel 9 <\/i><\/span><\/span><\/p>\n<\/td>\n<td bgcolor=\"#dddddd\" width=\"189\">\n<p><span style=\"font-family: Tahoma,sans-serif;\"><span style=\"font-size: small;\">SV BW Dingden <\/span><\/span><\/p>\n<\/td>\n<td bgcolor=\"#dddddd\" width=\"30\">\n<p align=\"CENTER\"><span style=\"font-family: Tahoma,sans-serif;\"><span style=\"font-size: small;\">&#8211;<\/span><\/span><\/p>\n<\/td>\n<td bgcolor=\"#dddddd\" width=\"189\">\n<p><span style=\"font-family: Tahoma,sans-serif;\"><span style=\"font-size: small;\">SC Paderborn <\/span><\/span><\/p>\n<\/td>\n<td bgcolor=\"#dddddd\" width=\"53\">\n<p align=\"CENTER\">\u00a0<\/p>\n<\/td>\n<\/tr>\n<tr valign=\"TOP\">\n<td width=\"68\">\n<p><span style=\"font-family: Tahoma,sans-serif;\"><span style=\"font-size: small;\"><i>Spiel 10<\/i><\/span><\/span><\/p>\n<\/td>\n<td width=\"189\">\n<p><span style=\"font-family: Tahoma,sans-serif;\"><span style=\"font-size: small;\">SG MSV Ludwigshafen\/Alemannia Maudach<\/span><\/span><\/p>\n<\/td>\n<td width=\"30\">\n<p align=\"CENTER\"><span style=\"font-family: Tahoma,sans-serif;\"><span style=\"font-size: small;\">&#8211;<\/span><\/span><\/p>\n<\/td>\n<td width=\"189\">\n<p><span style=\"font-family: Tahoma,sans-serif;\"><span style=\"font-size: small;\">SV Hermersberg<\/span><\/span><\/p>\n<\/td>\n<td width=\"53\">\n<p align=\"CENTER\">\u00a0<\/p>\n<\/td>\n<\/tr>\n<tr valign=\"TOP\">\n<td bgcolor=\"#dddddd\" width=\"68\">\n<p><span style=\"font-family: Tahoma,sans-serif;\"><span style=\"font-size: small;\"><i>Spiel 11 <\/i><\/span><\/span><\/p>\n<\/td>\n<td bgcolor=\"#dddddd\" width=\"189\">\n<p><span style=\"font-family: Tahoma,sans-serif;\"><span style=\"font-size: small;\">SV Leiselheim <\/span><\/span><\/p>\n<\/td>\n<td bgcolor=\"#dddddd\" width=\"30\">\n<p align=\"CENTER\"><span style=\"font-family: Tahoma,sans-serif;\"><span style=\"font-size: small;\">&#8211;<\/span><\/span><\/p>\n<\/td>\n<td bgcolor=\"#dddddd\" width=\"189\">\n<p><span style=\"font-family: Tahoma,sans-serif;\"><span style=\"font-size: small;\">SG Ueberau-Gro\u00df-Bieberau<\/span><\/span><\/p>\n<\/td>\n<td bgcolor=\"#dddddd\" width=\"53\">\n<p align=\"CENTER\">\u00a0<\/p>\n<\/td>\n<\/tr>\n<tr valign=\"TOP\">\n<td width=\"68\">\n<p><span style=\"font-family: Tahoma,sans-serif; color: #808080;\"><span style=\"font-size: small;\"><i>Spiel 12 <\/i><\/span><\/span><\/p>\n<\/td>\n<td width=\"189\">\n<p><span style=\"font-family: Tahoma,sans-serif; color: #808080;\"><span style=\"font-size: small;\">TB Jahn Zeiskam <\/span><\/span><\/p>\n<\/td>\n<td width=\"30\">\n<p align=\"CENTER\"><span style=\"font-family: Tahoma,sans-serif; color: #808080;\"><span style=\"font-size: small;\">&#8211;<\/span><\/span><\/p>\n<\/td>\n<td width=\"189\">\n<p><span style=\"font-family: Tahoma,sans-serif; color: #808080;\"><span style=\"font-size: small;\">VfR Wormatia Worms<\/span><\/span><\/p>\n<\/td>\n<td width=\"53\">\n<p align=\"CENTER\">\u00a0<\/p>\n<\/td>\n<\/tr>\n<\/tbody>\n<\/table>\n<h1>\u00a0<\/h1>\n<p style=\"line-height: 100%;\">\u00a0(sc)<\/p>\n<h1>\u00a0<\/h1>\n<hr \/>\n<h1>\u00a0<\/h1>\n<p><span style=\"font-size: 8pt; font-family: tahoma,arial,helvetica,sans-serif;\">02.10.2017<\/span><\/p>\n<h3 style=\"margin-bottom: 0cm;\"><span style=\"font-size: 12pt; font-family: tahoma,arial,helvetica,sans-serif;\"><span style=\"color: #333399;\">\u00dc40 holt dritten S\u00fcdbadischen Meistertitel im Finale gegen die SG Stadelhofen-Oberkirch!<\/span> <\/span><\/h3>\n<h1><span style=\"font-size: small; font-family: tahoma,arial,helvetica,sans-serif;\">Es ist vollbracht: Im mit Spannung erwarteten sechsten Final-Aufeinandertreffen der beiden ewigen Dauerrivalen und AH-Schwergewichte S\u00fcdbadens behielt der FC\u00dc mit einem mehr als verdienten 1:0-Sieg die Oberhand gegen die SG Stadelhofen-Oberkirch.<\/span><\/h1>\n<p><span style=\"font-size: small; font-family: tahoma,arial,helvetica,sans-serif;\">Eine ansehnliche Zuschauerkulisse bildete den Rahmen f\u00fcr den \u00fcberzeugenden Sieg des FC\u00dc. Deutlich mehr Spielanteile und ein klares Chancenplus waren die optischen Finaleindr\u00fccke. Allein die Chancenverwertung machte es spannend, so dass schlie\u00dflich die drittletzte Spielminute herhalten musste und ein unhaltbar scharf geschossener Flachschuss die Entscheidung brachte!<\/span><\/p>\n<p><span style=\"font-size: small; font-family: tahoma,arial,helvetica,sans-serif;\">Das sind schon grandiose Stunden f\u00fcr uns alte Recken der AH-Garde im FC 09 \u00dcberlingen! Endlich zum 3:3 an Finalentscheidungen gegen den Dauerrivalen Stadelhofen-Oberkirch ausgeglichen, den vierten Stern jetzt auf der Brust, bald \u00fcberstolz am Shirt, noch mehr im Herz und klar auch im Geist.<\/span><\/p>\n<p><span style=\"font-size: small; font-family: tahoma,arial,helvetica,sans-serif;\"><b>Das Double ist damit perfekt: Wir sind neuer S\u00fcdbadischer \u00dc40-Meister 2017 und amtierender S\u00fcdbadischer \u00dc50-Meister 2017!<\/b><\/span><\/p>\n<p><span style=\"font-size: small; font-family: tahoma,arial,helvetica,sans-serif;\">Es war eines Finals am Samstag Abend, 30.9.2017, mehr als w\u00fcrdig &#8211; spannend bis zu letzten Spielminute, intensiv und konzentriert gef\u00fchrt. Alle Trainingseinheiten, Ansprachen, Vorbereitungsspiele waren obsolet mit dem Anpfiff durch Referee Uwe Schaffart um 17.30 Uhr zum prestigetr\u00e4chtigen \u00dc40-S\u00fcdbadischen Meisterschafts-Finale auf Altbirnau im Stadtwerk am See-Stadion. <\/span><\/p>\n<p><span style=\"font-size: small; font-family: tahoma,arial,helvetica,sans-serif;\">Und wie nicht anders zu erwarten war: wir \u00fcbernehmen die Initiative, versuchen in Spielfluss zu kommen, was uns teils gelingt, teils auch nicht. Im Bem\u00fchen um einen kontrollierten Spielaufbau wirkt unser Spiel aber etwas beh\u00e4big. Echte Torchancen bleiben vorerst Mangelware. Wichtig ist aber, dass die G\u00e4ste aus der Ortenau mehr als selten vor unserem Geh\u00e4use erscheinen. Erw\u00e4hnenswert in Halbzeit 1 bleiben am Schluss zwei gute Versuche von J\u00f6rn zum \u201edirekten Flanken-Torschuss\u201c, die jedoch an Alu-Pfosten und -Latte scheitern.<\/span><\/p>\n<p><span style=\"font-size: small; font-family: tahoma,arial,helvetica,sans-serif;\">In der Halbzeit rufen wir nochmals alle Konzentrationskr\u00e4fte an und Coach \u201eWolle\u201c justiert die Truppe nach: es ist UNSER Tag, wir wollen das Ding!<\/span><\/p>\n<p><span style=\"font-size: small; font-family: tahoma,arial,helvetica,sans-serif;\">Noch eindeutiger verl\u00e4uft dann auch Halbzeit Zwo, in deren 35 Minuten unser Goalie Dirk \u201egef\u00fchlt\u201c besch\u00e4ftigungslos bleibt. Nur gelingt es uns nicht, mit sauberen Spielz\u00fcgen bis vor das Tor der G\u00e4ste zu kommen. Klappt es eines der wenigen Male dann doch mit einem wunderbar entwickeltem Spielzug, erkl\u00e4rt der ansonsten souver\u00e4n leitende Referee f\u00fcr uns und auch f\u00fcr den Gegner nicht nachvollziehbar den bereits viel umjubelten Treffer von Bernd f\u00fcr irregul\u00e4r wegen einer angeblichen Abseitsstellung.<\/span><\/p>\n<p><span style=\"font-size: small; font-family: tahoma,arial,helvetica,sans-serif;\">Doch das spornt uns nach kurzer Aufregung f\u00fcr die verbleibenden Spielminuten mit einsetzender D\u00e4mmerung und drohendem Elfrmeterschie\u00dfen nochmals an und dann endlich: Ivan schlie\u00dft eine Strafraumsituation erfolgreich ab! Sein von der rechten Strafraumecke knallhart getretener Flachschluss scheitert dieses mal nicht am Alu-Pfosten, sondern springt vom linken Innenpfosten diagonal mit gro\u00dfer Wucht hinter dem rechten Alu-Pfosten ins Netz. <b>1:0 f\u00fcr den FC\u00dc! <\/b><\/span><\/p>\n<p><span style=\"font-size: small; font-family: tahoma,arial,helvetica,sans-serif;\">Zwar versucht der Gegner nochmals alles nach vorne zu werfen und rennt mit Mann und Maus an. Doch es bleibt bei ungef\u00e4hrlichen Versuchen, so dass und nach weiteren drei Minuten Spielzeit mit dem Abpfiff Klarheit herrscht: <b>Wir sind S\u00fcdbadischer Meister 2017 und fahren zur S\u00fcddeutschen Meisterschaft 20<\/b><b>18!<\/b><\/span><\/p>\n<p><span style=\"font-size: small; font-family: tahoma,arial,helvetica,sans-serif;\">Genau daf\u00fcr haben wir gearbeitet, trainiert, gerackert!<\/span><\/p>\n<p><span style=\"font-family: tahoma,arial,helvetica,sans-serif;\"><strong><span style=\"font-size: small;\">Unser Meister-Team: Dirk Hornstein, Roman Ludi , Markus \u201eDufi\u201c Dufner, J\u00f6rg \u201eK\u00fchne\u201c Kienast, Martin Welte, Marko Barlecaj, Varol \u00dcnal, J\u00fcrgen Beirer, Ronny Herder, J\u00f6rn Janzen, Bernd Parthenschlager, Tobias Lau, Fadil Bislimi, Ivan Korov, Sven Czekay, G\u00fcnter Limberger, Daniel \u201eLinde\u201c Lindenmayer<\/span><\/strong><\/span><\/p>\n<p><span style=\"font-size: small; font-family: tahoma,arial,helvetica,sans-serif;\">Zu diesem erfolgreichen Final-Samstag mit dem Gewinn der S\u00fcdbadischen Meisterschaft haben aber insgesamt mehr als 25 Kameraden mit Spieleins\u00e4tzen beigetragen.<\/span><\/p>\n<p><span style=\"font-size: small; font-family: tahoma,arial,helvetica,sans-serif;\">Einfach klasse auch all unsere AH-Kameraden im Training, in unserer AH-Kameradschaft, am Spielfeldrand. Danke euch allen! Danke f\u00fcr die vielen <span style=\"font-weight: normal;\">Schnappsch\u00fcssen zur Meisterschaft, f\u00fcr die \u201eNachfeier\u201c und das Plaudern, dass bis weit in den Sonntagmorgen andauerte und deshalb das \u201earme\u201c Vereinsheimteam um Anastasia Gewehr bei Fu\u00df stehen musste, bevor sich gegen 4 Uhr die letzten f\u00fcnf Meister-Recken, Zigarren-gest\u00e4rkt per pedes auf den vier Kilometer langen Heimweg ins St\u00e4dtle machten. Ein Traum, M\u00e4nner!<\/span><\/span><\/p>\n<p><span style=\"font-size: small; font-family: tahoma,arial,helvetica,sans-serif;\">Danke an Anastasia f\u00fcr die sehr gute Verk\u00f6stigung und den tollen Service nach dem Finale und an Bruno Sahner und den SBFV f\u00fcr die Einladung und die Organisation unseres AH-Meisterschaftsfu\u00dfball. Danke auch an Uwe Schaffart f\u00fcr die Spielleitung &#8211; zum vermeintlichen Abseitstor k\u00f6nnen wir uns die n\u00e4chsten Jahre wenigsten noch mehrfach unterhalten. <\/span><\/p>\n<p><span style=\"font-size: small; font-family: tahoma,arial,helvetica,sans-serif;\">Wir sagen stellvertretend unserem Ehrenobmann Rolf, auch Eberhard und vor allem Kurt danke f\u00fcr den Beistand und f\u00fcrs Zuschauen! Danke im \u00dcbrigen an unsere Helfer: allen voran Micha Walser f\u00fcr die Stadionansage, Wante und Adi f\u00fcr den Dienst um unsere AH im Finale und nicht zu vergessen: unser Erfolgscoach Wolfgang \u201eWolle\u201c Frey, f\u00fcr wieder einmal sehr viele nervenaufreibende Momente mit seiner AH-Truppe!<\/span><\/p>\n<p><span style=\"font-size: small; font-family: tahoma,arial,helvetica,sans-serif;\"><span style=\"font-weight: normal;\">Der \u201eletzte\u201c Dank geht an unseren sehr fairen Finalgegner, die SG Stadelhofen-Oberkirch \u2013 auch besonders daf\u00fcr, dass ihr vom verdienten neuen S\u00fcdbadischen \u00dc40-Meister spracht.<\/span><\/span><\/p>\n<p><span style=\"font-family: tahoma,arial,helvetica,sans-serif;\">(sc \/ rl)<\/span> <\/p>\n<hr \/>\n<h1>\u00a0<\/h1>\n<p><span style=\"font-size: 8pt; color: #000000;\"><span style=\"background-color: #ffffff;\">24.09.2017<\/span><\/span><\/p>\n<h3><span style=\"font-size: 12pt; color: #333399;\"><span style=\"background-color: #ffffff;\"><span style=\"background-color: #ffffff;\">Alte Herren im Finale um die S\u00fcdbadische Meisterschaft 2017 der \u00dc40-Mannschaften<\/span><\/span><\/span><\/h3>\n<p><span style=\"font-size: 10pt; color: #000000;\"><span style=\"background-color: #ffffff;\">Am kommenden Samstag, <span class=\"cmp_parsed_date\" data-cmp_parsed_date=\"2017-09-30\" data-ce-class=\"Dates\">30.9.,<\/span> empf\u00e4ngt unsere \u00dc40-AH <span style=\"font-size: 10pt; color: #000000;\"><span style=\"background-color: #ffffff;\">den ewigen Kontrahenten aus der Ortenau, die\u00a0<span style=\"font-size: 10pt; color: #000000;\"><span style=\"background-color: #ffffff;\"><span style=\"font-size: 10pt; color: #000000;\"><span style=\"background-color: #ffffff;\">Spielgemeinschaft aus <span class=\"cmp_parsed_location\" data-cmp_parsed_location_name=\"Stadelhofen\" data-cmp_parsed_location_weather=\"K09471189\" data-cmp_parsed_location_other=\"0\" data-ce-class=\"Locations\">Stadelhofen<\/span> und <span class=\"cmp_parsed_location\" data-cmp_parsed_location_name=\"Oberkirch\" data-cmp_parsed_location_weather=\"K08317089\" data-cmp_parsed_location_other=\"0\" data-ce-class=\"Locations\">Oberkirch<\/span> (beides Vereine mit jeweils langj\u00e4hriger Verbandsligazugeh\u00f6rigkeit), <\/span><\/span><\/span><\/span><\/span><\/span> zum spannungsgeladenen Finale um die S\u00fcdbadische Meisterschaft 2017. Ansto\u00df im Stadtwerk am See-Stadion ist um 17.30 Uhr.<\/span><\/span><\/p>\n<p><span style=\"font-size: 10pt; color: #000000;\"><span style=\"background-color: #ffffff;\">Es ist bereits das sechste Aufeinandertreffen mit der <span style=\"font-size: 10pt; color: #000000;\"><span style=\"background-color: #ffffff;\">SG Stadelhofen-Oberkirch <\/span><\/span>im Finale seit 2006\u00a0<span style=\"font-size: 10pt; color: #000000;\"><span style=\"background-color: #ffffff;\">die Meisterschaftswettbewerbe<\/span><\/span> f\u00fcr ambitionierte \u00e4ltere Fu\u00dfballer eingef\u00fchrt wurden. <span style=\"font-size: 10pt; color: #000000;\"><span style=\"background-color: #ffffff;\">In der Bilanz der Finalentscheidungen liegen wir 2:3 zur\u00fcck &#8211; doch das allein ist uns bereits ein Ansporn: wir wollen den Ausgleich &#8211; wir wollen den Titel 2017 und damit die Qualifikation zur S\u00fcddeutschen Meisterschaft 2018 im w\u00fcrttembergischen Fussballverbandsgebiet.<\/span><\/span><\/span><\/span><\/p>\n<p><span style=\"font-size: 10pt; color: #000000;\"><span style=\"background-color: #ffffff;\"><span style=\"font-size: 10pt; color: #000000;\"><span style=\"background-color: #ffffff;\">Nach drei Teilnahmen an den S\u00fcddeutschen Meisterschaften seit 2011 sind wir inzwischen nicht nur eine bekannte Fu\u00dfballgr\u00f6\u00dfe (selbst f\u00fcr den FC Bayern &#8211; insbesondere nach deren j\u00fcngster \u00dc50-Niederlage 2017 gegen uns), sondern mehr als hoch motiviert eine weitere Teilnahme zu erreichen.<\/span><\/span><\/span><\/span><\/p>\n<p><span style=\"font-size: 10pt; color: #000000;\"><span style=\"background-color: #ffffff;\"><span style=\"font-size: 10pt; color: #000000;\"><span style=\"background-color: #ffffff;\"><span style=\"font-size: 10pt; color: #000000;\"><span style=\"background-color: #ffffff;\"><span style=\"font-size: 10pt; color: #000000;\"><span style=\"background-color: #ffffff;\"><span style=\"font-size: 10pt; color: #000000;\"><span style=\"background-color: #ffffff;\"><span style=\"font-size: 10pt; color: #000000;\"><span style=\"background-color: #ffffff;\"><strong>Dr\u00fcckt uns die Daumen!<\/strong><\/span><\/span><\/span><\/span><\/span><\/span><\/span><\/span><\/span><\/span><\/span><\/span><\/p>\n<p><span style=\"font-size: 10pt; color: #000000;\"><span style=\"background-color: #ffffff;\"><span style=\"font-size: 10pt; color: #000000;\"><span style=\"background-color: #ffffff;\">Leider werden wir berufs-\/urlaubsbedingt nicht alle AH-Kameraden mit am Start haben, glauben aber trotzdem, mehr als gut f\u00fcr das <span style=\"font-size: 10pt; color: #000000;\"><span style=\"background-color: #ffffff;\"><span style=\"font-size: 10pt; color: #000000;\"><span style=\"background-color: #ffffff;\">&#8222;Finale daheim&#8220;<\/span><\/span><\/span><\/span> vorbereitet zu sein. Mit Eurer tollen Unterst\u00fctzung im R\u00fccken werden wir alles geben.\u00a0<\/span><\/span><\/span><\/span><\/p>\n<p><span style=\"font-size: 10pt; color: #000000;\"><span style=\"background-color: #ffffff;\"><span style=\"font-size: 10pt; color: #000000;\"><span style=\"background-color: #ffffff;\">Danke daf\u00fcr, Euch FC-Kameraden!<\/span><\/span><\/span><\/span><\/p>\n<p><span style=\"font-size: 10pt;\">(sc \/ rl)<\/span><\/p>\n<hr \/>\n<h1>\u00a0<\/h1>\n<p><span style=\"font-size: 8pt; color: #000000;\"><span style=\"background-color: #ffffff;\">10.09.2017<\/span><\/span><\/p>\n<h1><span style=\"color: #333399; background-color: #ffffff; font-size: 12pt;\">Zwei sp\u00e4te Treffer gegen die G\u00e4ste aus Gro\u00dfsch\u00f6nach sichern Einzug ins Finale der S\u00fcdbadischen \u00dc40-Meisterschaft 2017!<\/span><\/h1>\n<p><span style=\"font-size: small;\">Zwar ein knapper, aber dennoch ein verdienter Sieg, nein, ein Arbeitssieg war es, den unsere \u00dc40-AH vergangenen Donnerstag (7.9.2017) auf Altbirnau ins Finale um die S\u00fcdbadische Meisterschaft 2017 einziehen lie\u00df. Das Zustandekommen erinnerte an gro\u00dfe Mannschaften: zuerst nicht ins Spiel gefunden, im weiteren Spielverlauf stets bem\u00fcht, doch abgesehen von einer \u201ehalben\u201c Torchance in der ersten Spielh\u00e4lfte, fehlte es an zwingenden Chancen auf Seiten des FC\u00dc und dem Spiel unserer AH der Glanz vergangener Partien. Aber die Truppe hatte nie aufgeh\u00f6rt, den Sturmlauf auf des Gegners Geh\u00e4use mit dem uns nicht ganz unbekannten Sportkameraden Matze zwischen den Pfosten immer wieder von neuem zu versuchen &#8211; und wurde daf\u00fcr dann schlie\u00dflich noch sp\u00e4t, aber verdient mit zwei Treffern durch den eingewechselten Bernd Parthenschlager belohnt.<\/span> <\/p>\n<p><span style=\"font-size: small;\">Es war das erwartet emotionale Duell gegen den ewigen Rivalen aus Gro\u00dfsch\u00f6nach. Von einzelnen deren \u201eDefensivk\u00fcnstler\u201c teils \u00fcberhart gef\u00fchrte Zweik\u00e4mpfe lie\u00dfen fr\u00fch die Emotionen hochkochen und verlangtem dem Referee Uwe Schaffart schon zeitig ein H\u00f6chstma\u00df an Fingerspitzengef\u00fchl ab, um das Spiel unter Kontrolle zu behalten. Dank seiner souver\u00e4nen und mit Augenma\u00df gef\u00fchrten Spielleitung blieb es bei einzelnen Verwarnungen aufgrund \u00fcbermotiviertem Einsteigens auf beiden Seiten sowie ein paar wenigen verbalen Scharm\u00fctzeln h\u00fcben wie dr\u00fcben.<\/span> <\/p>\n<p><span style=\"font-size: small;\">Gestartet mit einer gro\u00dfer Portion Euphorie und dem gro\u00dfen Willen, die Schmach des Vorjahres auszumerzen, als das Halbfinale gegen den \u201eUnderdog\u201c SV Orsingen-Nenzingen nach einem \u00fcberragenden gef\u00fchrten Spiel zum Staunen aller nach Elfmeterschie\u00dfen verloren wurde, fand unsere Truppe zu keinem Zeitpunkt wirklich richtig in das diesj\u00e4rhige Halbfinalspiel. Vielmehr lie\u00df der Spielverlauf uns das ein ums andere Mal den Kopf sch\u00fctteln, ob der Schwerf\u00e4lligkeit des Spielaufbaus. Hier zeigte sich deutlich, was nach dem Schlusspfiff in den Reihen der FC 09er immer wieder zu h\u00f6ren war: es fehlt einigen der Spielrhythmus, da sich seit l\u00e4ngerem keine Gegner f\u00fcr Trainingsspiele finden lassen. Und so f\u00e4llt es verst\u00e4ndlicherweise schwer, vom dienst\u00e4glichen Halbfeld-Kick dann sofort erfolgreich in den Gro\u00dffeld-Modus im Wettbewerb umzuschalten. Dieses Manko gilt es in den n\u00e4chsten Tagen und Wochen vor dem Finale (voraussichtlich am 30.9. oder 1.10. auf Altbirnau) anzugehen und die bis dahin verbleibende Zeit zur Spielverbesserung zu nutzen.<\/span><\/p>\n<p><span style=\"font-size: small;\">Und so f\u00fchrte die Schwerf\u00e4lligkeit unseres Spielaufbaus dazu, dass es nach einer an FC\u00dc-Torchancen armen ersten H\u00e4lfte mit 0:0 in die Pause ging. Zu diesem Zeitpunkt hatte die umsichtig agierende FC\u00dc-Defensive die G\u00e4ste vom SV Gr\u00f6\u00dfsch\u00f6nach lediglich ein einziges Mal erw\u00e4hnenswert die Strafraumlinie \u00fcberqueren lassen, und konnte letztlich auch diese Szene gefahrlos kl\u00e4ren und unseren Goalie Dirk Hornstein so gut wie unbesch\u00e4ftigt lassen.<\/span><\/p>\n<p><span style=\"font-size: small;\">Nach diversen spieltaktischen Korrekturen durch unseren Coach \u201eWolle\u201c Frey brachte das Team um Ersatz-Kapit\u00e4n J\u00fcrgen Beirer in der zweiten H\u00e4lfte dann etwas mehr Druck zustande und kam auch zu der einen oder anderen Torchance. Zwingend waren die allerdings auch nicht und den Angriffsbem\u00fchungen fehlte s es noch immer am Spielwitz. Auf der Gegenseite gab es f\u00fcr Goalie Dirk Hornstein weiterhin wenig bis nichts zu tun. Allein eine von unserem Abwehrstrategen J\u00f6rg \u201eK\u00fchne\u201c Kienast etwas ungl\u00fccklich verl\u00e4ngerte gegnerische Flanke, die letztlich knapp am langen Posten flach vorbei flog, sorgte f\u00fcr kurze Aufregung beim FC\u00dc. Trotz des Gef\u00fchls, dass der Sieger an diesem Abend eigentlich nur FC 09 \u00dcberlingen hei\u00dfen kann, bestand irgendwie immer die Sorge, dass die G\u00e4ste vom SV Gro\u00dfsch\u00f6nach vielleicht aus einem der sich h\u00e4ufenden Freist\u00f6\u00dfe in Torn\u00e4he quasi aus dem Nichts Kapital schlagen k\u00f6nnten.<\/span><\/p>\n<p><span style=\"font-size: small;\">Bis zum ersten Jubel der zahlreichen FC\u00dc-Fans dauerte es schlie\u00dflich bis zur 60. Spielminute. Nach einem typischen J\u00f6rn-Janzen-Sturmlauf \u00fcber die linke Seite stand Bernd Parthenschlager im Zentrum goldrichtig und brachte J\u00f6rns Hereingabe \u201eabgezockt\u201c im langen Eck unter. Schier unendliche Erl\u00f6sung schien sich in den FC\u00dc-Reihen breit zu machen. Doch zun\u00e4chst galt es, die m\u00fchevoll errungene F\u00fchrung nach Hause zu bringen. Eine kontrollierte \u201ezur\u00fcckhaltende\u201c Spielweise h\u00e4tte sicher dazu beigetragen, den Fans das Herbeifiebern des Schlusspfiffs etwas ertr\u00e4glicher zu gestalten. Davon wollte aber der FC\u00dc an diesem Abend nichts wissen und versuchte sich fortw\u00e4hrend mit weiteren, teils optimistisch vorgetragenen Angriffsversuchen. Trotz allem blieb dies nicht folgenlos und brachte, wenn auch erst sp\u00e4t, die erhoffte Belohnung. Keine 10 Zeigerumdrehungen nach der F\u00fchrung zeigte erneut Bernd Parthenschlager seine Kaltschn\u00e4uzigkeit vor dem gegnerischen Tor. Dieses Mal konnte er eine von Ronny Herder von rechts pr\u00e4zis herein geschlagene weite Flanke auf den langen Pfosten per Kopf verwerten. Jetzt kannte der Jubel keine Grenzen mehr, denn jedem war klar: dieser zweite Treffer bedeutete den Finaleinzug! Daran \u00e4nderte auch die restliche Zeit bis zum Schlusspfiff nichts mehr.<\/span><\/p>\n<p><span style=\"font-size: small;\">Das war eine knappe Kiste und legte offen: drei Wochen Zeit bis zum Finaltermin m\u00fcssen effizient genutzt werden. Denn schlie\u00dflich wollen wir ein sehr gutes Finale 2017 spielen!<\/span><\/p>\n<p><span style=\"font-size: small;\">In neuer gelungener Trikot-Kombination wei\u00df-grau-rot haben sich gem\u00fcht:<\/span><\/p>\n<p><span style=\"font-size: small;\"><b>Dirk Hornstein, Markus \u201eDufi\u201c Dufner, J\u00f6rg \u201eK\u00fchne\u201c Kienast, <span style=\"font-size: small;\"><b>Roman Ludi, <\/b><\/span>Walter Strasser, Marko Barlecaj, Tobias \u201eTobi\u201c Lau,\u00a0<span style=\"font-size: small;\"><b><span style=\"font-size: small;\"><b>Varol \u00dcnal, <\/b><\/span><\/b><\/span> <span style=\"font-size: small;\"><b>J\u00fcrgen Beirer, <\/b><\/span>Ronny Herder, J\u00f6rn Janzen, <span style=\"font-size: small;\"><b>Hermann \u201eBibi\u201c Welte, <\/b><\/span>Bernd Parthenschlager, Sven Czekay, Tuncay Tuncer, Daniel \u201eLinde\u201c Lindenmayer<\/b><\/span><\/p>\n<p><span style=\"font-size: small;\">Trotz aller Scharm\u00fctzel auf dem Platz war es dann klasse, wie wir gemeinsam mit dem SVG den Spieltag beim gemeinsamen Wurstsalat haben ausklingen lassen. Hier geht der Dank an unseren Stephan Kaufmann f\u00fcrs \u00d6ffnen der AH-Schatulle, vor allem aber an Anastasia und Stefanos im Vereinsheim f\u00fcr die tolle und k\u00f6stliche Bewirtung &#8211; und nat\u00fcrlich f\u00fcrs Ausharren bis 1.30 Uhr ob der Daueranalysen zum Geschehen rund um den Spielverlauf.<\/span><\/p>\n<p><span style=\"font-size: small;\">Weiterer Dank geht an alle, die uns gratuliert haben, stellvertretend Heinz Weintraut f\u00fcr den fl\u00fcssigen \u201eGratulationsteil\u201c sowie an Wolfgang, Bene, Christoph, Adi und all die namentlich Ungenannten f\u00fcr ihre Arbeit bzw. Hilfe rund um den Spieltag! Nicht vergessen und mit einem Dankesch\u00f6n bedenken wollen wir auch Uwe Schaffart f\u00fcr die souver\u00e4ne Spielleitung als Referee. Und zu guter Letzt gilt unser Dank allen AH-Getreuen auf der Trib\u00fcne und rund um den Platz: bei allem was uns begleitet rund um unseren ehrgeizigen AH-Fu\u00dfball, es war ein tolles AH-Bild im Stadtwerk am See-Stadion unseres FC 09 \u00dcberlingen. <\/span><\/p>\n<p><strong><span style=\"font-size: small;\">Herzlich Dank f\u00fcr eure gro\u00dfartige Unterst\u00fctzung!!!<\/span><\/strong><\/p>\n<p><span style=\"color: #000000; font-size: 10pt;\">(sc \/ rl)<\/span> <\/p>\n<hr \/>\n<h1>\u00a0<\/h1>\n<p><span style=\"font-size: 8pt;\">10.08.2017<\/span><\/p>\n<h3><span style=\"color: #333399; font-size: 12pt;\">Der FC 09 \u00dcberlingen schl\u00e4gt den FC Bayern!<\/span><\/h3>\n<p><span style=\"font-size: small; color: #000000;\">Mit einer Hammer-Nachricht von der S\u00fcddeutschen Meisterschaft der \u00dc50-Teams am Samstag, 5. August 2017, konnte unser Team aufwarten: <strong>der FC 09 \u00dcberlingen schl\u00e4gt den FC Bayern mit 2:0!<\/strong><\/span><\/p>\n<p><span style=\"font-size: small; color: #000000;\">Aber der Reihe nach. Geradezu kleinlaut war unsere \u00dc50 in den letzten Tagen vor der S\u00fcddeutschen beim Anblick des Spielplans und der Entscheidung geworden: nur der S\u00fcddeutsche Meister f\u00e4hrt nach Berlin. Noch im Vorjahr fuhren der Erstplazierte UND der Zweiplatzierte zum Finalturnier. Das bedeutete, dass wir uns auch gegen die namhaften Teams wie den FC Bayern, die AH-SG Darmstadt behaupten mussten, um \u00fcberhaupt eine Chance zu haben, das Ticket nach Berlin zu l\u00f6sen. Nicht unbedingt ein leichter Rucksack, der hier f\u00fcr unsere Reise ins <span style=\"font-size: 10pt;\"><span style=\"font-size: 10pt;\"><span style=\"font-size: 10pt;\">badische Bad Sch\u00f6nborn-Mingolsheim <\/span><\/span><\/span>geschn\u00fcrt wurde. <\/span><\/p>\n<p><span style=\"font-size: small; color: #000000;\">Doch mutig, tapfer und unverdrossen gingen die Jungs schlie\u00dflich die Reise ins badische Mingolsheim an. So sind sie halt, die M\u00e4nner vom See! <\/span><\/p>\n<p><span style=\"font-size: small; color: #000000;\">Und geradezu als Best\u00e4tigung der engagierten und gewissenhaften Vorbereitung war dann der Turnierverlauf: Nach einem knappen Spielverlauf gegen die SG Reutlingen siegten wir durch einen Treffer von G\u00fcnter Limberger mit 1:0 \u2013 parallel sahen wir nach einem sehr gl\u00fccklichen 2:1 des FC Bayern gegen Mingolsheim (der Siegtreffer fiel erst in der Nachspielzeit): f\u00fcr unser Team sollte etwas drin sein gegen die gro\u00dfen Bayern.<\/span><\/p>\n<p><span style=\"font-size: small; color: #000000;\">Was folgte war Best\u00e4tigung, die Zwote: wir beherrschten die Bayern w\u00e4hrend der gesamten Spielzeit \u2013 hochkonzentriert und ohne jegliche wacklige Situationen gelang uns durch mehr als sehenswerte Kombinationen und erneuten Treffern von G\u00fcnter Limberger ein \u00fcberragendes 2:0 gegen den FC Bayern &#8211; oder in Zeiten von Twitter etc.: #FCBAYERNliegtuns<br \/><\/span><\/p>\n<p><span style=\"font-size: small; color: #000000;\">Doch noch war nichts entschieden. Im 3. Spiel warteten superstarke Darmst\u00e4dter auf uns. Was dann folgte war unser bestes Turnierspiel! Denn wieder waren wir es, die den Spielverlauf beherrschten und mit sehr guten Chancen vor dem Darmst\u00e4dter Geh\u00e4use auftauchten. Aber dieses Mal stand uns das Gl\u00fcck nicht zur Seite, es wollte kein Treffer gelingen. So hie\u00df es am Ende 0:0. Ein Remis, das folgenreich f\u00fcr uns sein sollte.<\/span><\/p>\n<p><span style=\"font-size: small; color: #000000;\">Vor dem letzten Gruppenspiel gegen die bereits feststehenden Gruppenletzten aus Stettfeld sah der Tabellenstand folgenderma\u00dfen aus:<\/span><\/p>\n<p><span style=\"font-size: small; color: #000000;\">Der FC 09 \u00dcberlingen punktgleich mit Darmstadt an der Tabellenspitze &#8211; Bayern auf Platz 3, ein Punkt zur\u00fcck.<\/span><\/p>\n<p><span style=\"font-size: small; color: #000000;\">Doch dann holte uns offenbar das Lampenfieber, die Courage oder was auch immer ein: wir versagten im vermeintlich leichtesten Spiel und erspielten uns nur sehr wenige zwingende Chancen. Tief stand der Gegner und mauerte was der Beton her gab. Auf der anderen Seite hatten wir bei einem Lattentreffer der Stettfelder den sprichw\u00f6rtlichen Dusel. Die Dramatik gewann nochmals an Fahrt als wir eine superklare Chance kurz vor Schluss nicht verwerten konnten. F\u00fcr die Daheimgebliebenen sei nur so viel erkl\u00e4rt: ein Teil unserer Spieler hatte sich schon zum Torjubel abgedreht und war bereits auf dem Weg in die eigene Spielh\u00e4lfte, um dem gegnerischen Ansto\u00df entgegenzutreten. Doch zu unserem gro\u00dfen Entsetzen fand der Ball aus zwanzig Zentimetern nicht den Weg \u00fcber die Torlinie des mehr oder weniger leeren Tors. Danach war es vorbei. Dieses erneute 0:0 gegen den Gruppenletzten war ein bzw. DAS Remis zu viel &#8211; unfassbar! Denn im anschlie\u00dfenden direkten Duell des FC Bayern gegen die Darmst\u00e4dter wurde dann der S\u00fcddeutsche Meister ermittelt. Und wer wurde es? Die Bayern haben letztendes den Titel geholt und die Fahrkarte nach Berlin gel\u00f6st &#8211; wie auch deren \u00dc40-Team und das \u00dc35-Team der Damen. So sehen eben (gl\u00fcckliche) Sieger aus. Fast schon ist man geneigt zu sagen, nat\u00fcrlich der FC Bayern.<\/span><\/p>\n<p><span style=\"color: #000000;\"><span style=\"font-size: small;\">Was nehmen wir mit von dieser S\u00fcddeutschen \u00dc50-Meisterschaft? Dieses Fazit ist ist sehr schwer zu ziehen: nat\u00fcrlich Entt\u00e4uschung und Wut, aber auch Stolz, Zuversicht und einen nach vorne gerichteten Blick mit erhobenem Haupt! Und der schwache Trost oder die kleine Genugtuung, dem FC Bayern die erste Niederlage beigebracht zu haben nach zuvor vier siegreichen Jahren! Das ist schon aller Ehren wert! Und nicht zu vergessen: <strong>das \u00dc50-Team des FC 09 \u00dcberlingen ist S\u00fcddeutscher Vizemeister 2017<\/strong> und hat mit einer \u00fcberragenden Turnierleistung \u201elandesweit\u201c Schulterklopfer und Anerkennung eingeheimst und wurde letztlich nicht zu unrecht als st\u00e4rkstes Team des Turniers bezeichnet &#8211; <\/span><span style=\"font-size: small;\"><span style=\"font-weight: normal;\">ungeschlagen und ohne Gegentreffer!<\/span><\/span><span style=\"font-size: small;\"> Umso bitterer ist es nat\u00fcrlich, wenn solch eine Leistung am Ende nicht mit dem Titel belohnt wird. <\/span><\/span><\/p>\n<p><span style=\"color: #000000;\"><span style=\"font-size: small;\">J<\/span><span style=\"font-size: small;\"><span style=\"font-weight: normal;\">etzt brauchen wir erst einmal etwas Zeit, das Verpasste zu verarbeiten. Aber es bleibt der stolze Blick auf die Signatur mit den zahlreichen Erfolgen in den letzten Jahren und das Wissen, S\u00fcddeutscher Vizemeister der \u00dc50-Teams geworden zu sein, und mit dem <\/span><\/span><span style=\"font-size: small;\">Sieg gegen den FC Bayern Vereinsgeschichte beim FC 09 \u00dcberlingen geschrieben zu haben. Und wie hat es unser Coach &#8222;Wolle&#8220; so zu treffend zusammengefasst: &#8222;Der FC Bayern an der S\u00e4bener Stra\u00dfe in M\u00fcnchen wird mittlerweile unseren Namen bei den \u00dc-Mannschaften gro\u00df handeln. Und wenn im n\u00e4chsten Jahr der FC Bayern in eine Gruppe gelost wird mit dem FC\u00dc, dann bekommen die Jungs in M\u00fcnchen Fracksausen!&#8220;<br \/><\/span><\/span><\/p>\n<p><span style=\"font-size: small; color: #000000;\">Was f\u00fcr ein Meisterschafts-Samstag am beim TuS Mingolsheim und der S\u00fcddeutschen \u00dc50-Meisterschaft!<\/span> <\/p>\n<p><span style=\"font-size: small; color: #000000;\"><b>Das Team: Dirk Hornstein, Markus &#8222;Dufi&#8220; Dufner, J\u00f6rg &#8222;K\u00fchne&#8220; Kienast, Harry Schwehr, Ralf Leuter, Walter Strasser, Sven Czekay, Harry Kruppe, G\u00fcnter Limberger, Uwe &#8222;Neger&#8220; Negrassus<br \/><\/b><\/span><\/p>\n<p><span style=\"color: #000000;\"><span style=\"font-size: small;\">Herzlichen Dank an unseren Coach Wolfgang &#8222;Wolle&#8220; Frey, an seinen &#8222;Co&#8220; Tobias &#8222;Tobi&#8220; C. Lau und unseren Teambegleiter Benedikt &#8222;Bene&#8220; Kuczkay. Klasse, dass ihr das Team so toll begleitet habt!<\/span><span style=\"font-size: small;\"><br \/><\/span><\/span><\/p>\n<p><span style=\"color: #000000; font-size: 10pt;\"><span style=\"font-size: 10pt;\">(sc \/ rl)<\/span><\/span><\/p>\n<hr \/>\n<h1>\u00a0<\/h1>\n<p><span style=\"font-size: 8pt;\">25.07.2017<\/span><\/p>\n<h3><span style=\"color: #333399;\">Da ist das Ding!<\/span><\/h3>\n<p><span style=\"font-size: 10pt; color: #000000;\">Im sechsten Anlauf auf die Krone sicherte das \u00dc50-Team des FC 09 sich vergangenen Samstag (22.7.) in Weil am Rhein den langersehnten S\u00fcdbadischen Meistertitel.<\/span><\/p>\n<p><span style=\"font-size: 10pt; color: #000000;\">Es war ein spannender Samstagnachmittag in Weil am Rhein f\u00fcr unser Team vom See: Wetterkapriolen, lange Wartezeiten nach den Gruppenspielen, ein Auf und Ab der eigenen Spielqualit\u00e4t, Spieler- und Schiri-Dispute, enge Spiele &#8211; somit all das, was einen packenden Turnierverlauf ausmacht. F\u00fcr die Zuhausegebliebenen, die das Geschehen an den Empfangsger\u00e4ten per Live-Ticker in der Whatsapp-Gruppe verfolgen konnten oder mussten, d\u00fcrfte das sicherlich die ein oder andere Schwei\u00dfperle oder teils erh\u00f6hten Puls hervorgerufen haben.<\/span><\/p>\n<p><span style=\"font-size: 10pt; color: #000000;\">Das Team startete gut in die Gruppenspiele und konnte nach der 1:0-F\u00fchrung und dem zwischenzeitlichen Ausgleich geradewegs einen 3:1-Erfolg gegen <span data-cmp_parsed_location_name=\"Furtwangen\" data-cmp_parsed_location_weather=\"K08326017\" data-cmp_parsed_location_other=\"0\" data-ce-class=\"Locations\">Furtwangen heimfahren (Tore: Walter (2) und Ralf). Trotz dieses wichtigen &#8222;Auftakt-Dreiers&#8220; <\/span>verliefen die weiteren Spiele \u00fcberraschend etwas holprig. Und so folgte &#8211; fast schon wie immer im zweiten Spiel &#8211; ein ern\u00fcchterndes torloses Remis gegen nicht all zu hoch eingestufte Steinenst\u00e4dter. Doch die Reaktion folgte prompt: mit dem Wissen, im kommenden Spiel auf die starke M<span data-cmp_parsed_location_name=\"Weiler\" data-cmp_parsed_location_weather=\"K07339063\" data-cmp_parsed_location_other=\"3\" data-ce-class=\"Locations\">annschaft<\/span> des Gastgebers zu treffen, gelang wieder eine Spielverbesserung und ein 1:0-Sieg gegen Weil (Tor: Harry K.). Im 4. Gruppenspiel gegen Forbach\/Weisenbach gelang zwar wieder &#8222;nur&#8220; ein enger 1:0-Sieg (Tor: K\u00fchne), aber ein richtig ansehnlicher bei jetzt stabiler Spielqualit\u00e4t. Obendrein sicherte dies den Gruppensieg und bescherte uns f\u00fcr das Halbfinale das ewig junge Duell gegen die SG Stadelhofen\/Oberkirch. Doch hier wurde es richtig eng: Nach einem fr\u00fchen 0:1-R\u00fcckstand gelang in einer insgesamt kritischen Spielsituation nach einem an Harry K. ver\u00fcbten Foul der Ausgleich per Neunmeter. K\u00fchne, der aus unserer Sicht beste Spieler des Turniers, war es, der antrat und die Kugel unhaltbar einnetzte. Stadelhofen erh\u00f6hte danach zusehends den Druck, doch mit Geschick und einem \u00fcberragenden Keeper konnte das Remis \u00fcber die Zeit gebracht werden. Nun musste die Entscheidung im nervenaufreibenden Neunmeter-Schie\u00dfen fallen. Doch hier zeigte erneut unser Dirk im Tor seine Extraklasse und konnte zwei der gegnerischen Sch\u00fcsse vom Punkt (mit Wiederholungsneuner sogar drei) parieren. Bei keinem Fehlschuss in den eigenen Reihen (Sch\u00fctzen: Walter, Dufi, K\u00fchne, Harry S.) bedeutet dies den Einzug ins Finale.<\/span><\/p>\n<p><span style=\"font-size: 10pt; color: #000000;\">Hier trafen schlie\u00dflich die tats\u00e4chlich besten und bis dahin ungeschlagenen Turniermannschaften aufeinander: der FC 09 <span data-cmp_parsed_location_name=\"\u00dcberlingen\" data-cmp_parsed_location_weather=\"K08435059\" data-cmp_parsed_location_other=\"0\" data-ce-class=\"Locations\">\u00dcberlingen<\/span> gegen den FC <span data-cmp_parsed_location_name=\"Neuenburg\" data-cmp_parsed_location_weather=\"K08315076\" data-cmp_parsed_location_other=\"0\" data-ce-class=\"Locations\">Neuenburg. Im Finale hatte der FC 09 einen Start nach Ma\u00df. <\/span>Eine Traumkombination &#8211; ausgehend von Dirk auf Dufi, \u00fcber K\u00fchne, links raus auf Harry K., Querpass in die Mitte &#8211; netzte Walter goldrichtig stehend zur 1:0-F\u00fchrung f\u00fcr \u00dcberlingen ein! Nun folgte ein schier unendlicher Final-Krimi, in dem Neuenburg mehr und mehr den Druck erh\u00f6hte, aber immer wieder an unserem erneut \u00fcberragenden Dirk scheiterte. Minute um Minute hielten wir mit vereinten Kr\u00e4ften dem Druck stand und lie\u00dfen uns auch nach dem verletzungsbedingten Ausscheiden von Walter und vor\u00fcbergehend auch Dufii nicht mehr bezwingen bis es schlie\u00dflich am Ende soweit war: Das Spiel ist aus, aus, aus &#8230; da ist der Titel, das Triple, das Ding, der Wimpel!!!<\/span><\/p>\n<p><span style=\"font-size: 10pt; color: #000000;\">Und so wird nun bald der dritte Stern die stolzgeschwellte Trikotbrust der Mannen um Teamcoach Wolfgang &#8222;Wolle&#8220; Frey zieren.<\/span><\/p>\n<p><span style=\"font-size: 10pt; color: #000000;\">Nach Siegerehrung, kurzweiliger und feucht-fr\u00f6hlicher Heimfahrt nahmen die Siegesfeierlichkeiten zum Teil noch einen ausgelassenen und ausgedehnten Verlauf entlang der \u00dcberlinger Promenade. Augenzeugen berichten, dass die letzten wackeren &#8222;AHler&#8220; am fr\u00fchen Sonntagmorgen gegen 4 Uhr den Heimweg antraten.<\/span><\/p>\n<p><span style=\"font-size: 10pt; color: #000000;\">Ein gro\u00dfer Dank des Teams geht an alle Kameraden, die zu diesem gro\u00dfartigen Erfolg beitragen haben, vor allem aber an diejenigen AH-Kameraden, die dem Team an der Au\u00dfenlinie in Weil zur &#8222;Seite&#8220; gestanden sind. Tobi, G\u00fcnter und Timi, Bibi, Bene und Wolfgang, das war ein tolles Gef\u00fchl! Ein Riesenkompliment daf\u00fcr, dass ihr eure Zeit und Mu\u00dfe f\u00fcr unsere AH-Kameradschaft im FC 09 \u00dcberlingen so eingebracht habt! Auch das hat befl\u00fcgelt und stark gemacht.<\/span><\/p>\n<p><span style=\"font-size: 10pt; color: #000000;\"><strong>Das \u00dc50-Team der Meister-AH: D<span style=\"font-size: small;\"><b>irk Hornstein, Markus &#8222;Dufi&#8220; Dufner, J\u00f6rg &#8222;K\u00fchne&#8220; Kienast, Harry Schwehr, Ralf Leuter, Walter Strasser, Sven Czekay, Harry Kruppe, Uwe &#8222;Neger&#8220; Negrassus<\/b><\/span><br \/><\/strong><\/span><\/p>\n<p><span style=\"font-size: 10pt;\"><span style=\"color: #000000;\"> Allen unseren Verletzten w\u00fcnschen wir auf diesem Wege gute Besserung und baldige Genesung! Denn der Gewinn des S\u00fcdbadischen Meistertitels f\u00fchrt uns bereits am<strong> Samstag, <span data-cmp_parsed_date=\"2017-08-06\" data-ce-class=\"Dates\">5. August 2017,<\/span> <\/strong>ins badische Bad Sch\u00f6nborn-Mingolsheim, wo es erneut zu einem Aufeinandertreffen mit unseren Freunden des\u00a0 FC Bayern M\u00fcnchen kommen wird. Au\u00dferdem m\u00fcssen wir dort gegen die AH-SG Darmstadt, die SG Reutlingen und den TSV Stettfeld antreten. Allerdings geht es nicht nur um den Titel, sondern gleichzeitig auch um die einzige Fahrkarte zur Deutschen Meisterschaft, weil nur der Sieger im September diesen Jahres die Reise zum Titel-Turnier nach Berlin antreten darf. Doch das spornt uns noch mehr an!\u00a0<\/span> <\/span><\/p>\n<p><span style=\"font-size: 10pt;\"><span style=\"color: #000000;\">(sc \/ rl)<\/span><\/span><\/p>\n<hr \/>\n<h1><span style=\"color: #ff0000;\">2016<\/span><\/h1>\n<h1><span style=\"color: #333399;\">AH-Team zur\u00fcck von der deutschen Meisterschaft aus Berlin<\/span><\/h1>\n<div><span style=\"font-family: verdana, geneva; font-size: 10pt;\">Das AH-Team FC 09 \u00dcberlingen wurde\u00a0insgesamt Achter, Bayern M\u00fcnchen wurde F\u00fcnfter. Die ersten beiden Mannschaften aus\u00a0der FC 09 Gruppe\u00a0(5-er-Gruppe) erreichten \u00fcber das Halbfinale hinaus auch das Finale, welches Blau-Weiss Berlin gegen Kupferdreh-Byfang 2:0 gewann. Der FC 09 startete mit einer ungl\u00fccklichen 1:0 Niederlage im ersten Spiel gegen den sp\u00e4teren Deutschen Meister, der jedes Spiel gewann (einzige Niederlage). In der Folge verzeichnete das FC 09 Team drei Unentschieden, was am Ende zu wenig war um weiter zu kommen. Verantwortlich daf\u00fcr waren sicherlich auch die zu wenig klar herausgespielten M\u00f6glichkeiten im Verlaufder einzelnen Spiele und das notwendige Qu\u00e4ntchen Gl\u00fcck im Abschluss vor dem Tor. Das Niveau war insgesamt sehr hoch. Alle Mannschaften waren sehr spielstark. Mit etwas Gl\u00fcck w\u00e4re mehr drin gewesen, denn die Halbfinalteilnahme war bis kurz vor Schluss zum Greifen nah. Ein Sieg mit 2 Toren Differenz w\u00e4re im letzten Spiel n\u00f6tig gewesen um ins Halbfinale einzuziehen.\u00a0In\u00a0der Summe\u00a0war es\u00a0jedoch ein tolles Erlebnis.\u00a0Das AH-Team ist sehr motiviert aus dieser Erfahrung zu lernen und\u00a0sich erneut\u00a0f\u00fcr die kommende Meisterschaft\u00a0zu\u00a0qualifizieren.<\/span> <\/p>\n<p><img src=\"images\/slider\/04.10.2016\/Slider2\/AH-Berlin1.jpg\" alt=\"\" \/><\/p>\n<p><img src=\"images\/slider\/04.10.2016\/Slider2\/AH-Berlin2.jpg\" alt=\"\" \/><\/p>\n<\/p><\/div>\n<hr \/>\n<p>\u00a0<\/p>\n<p>Ein Traum wird wahr! Der FC 09 \u00dcberlingen wird S\u00fcddeutscher Vize-Fu\u00dfballmeister \u00dc40-2016 und f\u00e4hrt neben dem FC Bayern M\u00fcnchen vom 16.-18. September 2016 zur DEUTSCHEN MEISTERSCHAFT nach BERLIN<\/p>\n<p><img src=\"images\/slider\/10.03.2016\/FullSizeRender (1).jpg\" alt=\"\" \/><\/p>\n<p><img src=\"images\/slider\/10.03.2016\/FullSizeRender (2).jpg\" alt=\"\" \/><\/p>\n<p><img src=\"images\/slider\/10.03.2016\/FullSizeRender (3).jpg\" alt=\"\" \/><\/p>\n<p>\u00a0<\/p>\n<hr \/>\n<h1><span style=\"color: #ff0000;\">2015<\/span><\/h1>\n<p>Gro\u00dfer Erfolg f\u00fcr die AH-Senioren im FC 09 \u00dcberlingen: <\/p>\n<p>S\u00dcDBADISCHER FU\u00dfBALL-MEISTER \u00dc40-2015. In einem f\u00fcr AH-Verh\u00e4ltnisse echt hochklassigen und sehr intensiven Finalspiel schlug am vergangenen Sonntag die AH-Truppe des FC den Finalgegner, die SG Stadelhofen\/Oberkirch. 0:0 der Spielstand mit einem nach Spielanteilen \u00dcbergewicht f\u00fcr unsere Senioren fast schon Krimi. Danach entschied die Nervenst\u00e4rke der M\u00e4nner vom See \u2013 Elfmeterschiessen und im 7. Anlauf die Entscheidung: 5:4 f\u00fcr unseren FC. Jubel-, Sieger- und Meisterges\u00e4nge vom Feinsten auf Altbirnau \u2013 Fu\u00dfballer- seele was willst du mehr. Unsere AH f\u00e4hrt damit als S\u00fcdbadischer Meister 2016 zur vom hessischen Fu\u00dfballverband veranstalteten S\u00fcddeutschen Fu\u00dfball-Meisterschaft. Es gr\u00fc\u00dft die Nr. 1 vom See<\/p>\n<p><img src=\"images\/slider\/10.10.2015\/Bild 20.jpg\" alt=\"\" \/><\/p>\n<p>\u00a0<\/p>\n<hr \/>\n<p>\u00a0<\/p>\n<p>AH gewinnt Finale um die \u00dc40-S\u00fcdbadische Meisterschaft 2015!<\/p>\n<p><img src=\"images\/slider\/10.10.2015\/AH-3.JPG\" alt=\"\" \/><\/p>\n<p>\u00a0<\/p>\n<hr \/>\n<p>\u00a0<\/p>\n<p>FC-Senioren im erneuten Finalfieber um die \u00dc40-S\u00fcdbadische Meisterschaft! Die Partie hat sich zu einem echten Finalklassiker in S\u00fcdbaden (AH) entwickelt \u2013 \u00dc40-S\u00fcdbadische Meisterschaft und der FC 09 \u00dcberlingen und die inzwischen SG Stadelhofen-Oberkirch. Seit der Erstauflage 2010 und unserem \u00fcberraschenden Titelgewinn 2010 gingen die beiden n\u00e4chsten Finalsiege an Stadelhofen \u2013 jetzt steht die 4. Finalauflage am Samstag, 18. April 2015 in Stadelhofen an. Seit der letzten Finalniederlage 2013 \u201edahoam\u201c sind wir wieder hei\u00df auf den ersehnten s\u00fcdbadischen Meistertitel, der uns 2015 zur Teilnahme an der S\u00fcddeutschen Meisterschaft (haltet euch fest: sinnigerweise vom SV Stadelhofen ausgerichtet) berechtigt. Diese \u201eTatsache\u201c nehmen wir gerne zus\u00e4tzlich zum Anlass, noch engagierter, noch zielstrebiger, noch motivierter um den Titelgewinn zu k\u00e4mpfen. Daf\u00fcr sehen wir uns gut aufgestellt und ger\u00fcstet. Einige Verletzungen machen uns zwar zu schaffen, die Substanz in unserer Truppe + Mannschaft (an den AH-Spielen nehmen inzwischen 25 Mann teil) ist gewachsen, Hoffnungstr\u00e4ger sind an Bord gekommen und im \u00fcbrigen, so kennt ihr uns, haben wir dem Alter getrotzt! Wir fahren also mit gro\u00dfer Spannung nach Stadelhofen \u2013 Ansto\u00df dort um 14.00 Uhr. Wir hoffen auf die mentale Unterst\u00fctzung unserer FC-Mitglieder und berichten wieder.<\/p>\n<p>\u00a0<img src=\"images\/slider\/10.01.2015\/AH_2015.jpg\" alt=\"\" \/>\u00a0<\/p>\n<hr \/>\n<h1><span style=\"color: #ff0000;\">2014<\/span><\/h1>\n<p>Am Sonntag, 19. Oktober 2014 steigt das S\u00fcdbadische Verbandspokalfinale-\u00dc35 unseres FC 09 \u00dcberlingen\/AH beim FC Germania Schwarzach. Im 6. Spiel aus Bezirks und Verbandspokal f\u00e4llt die Entscheidung \u2013 gestartet waren ca. 50 Mannschaften im s\u00fcdbadischen Verbandsgebiet. Mit gro\u00dfem Stolz und in der Vereinschronik als herausragender Erfolg fiebert die Truppe dem Verbandspokal-Finale (Ansto\u00df: 14.30 Uhr) entgegen. Mit einiger Zuversicht tritt das Team die lange Fahrt in den Raum Baden-Baden an, ist doch nahezu der st\u00e4rkste Kader verf\u00fcgbar.<br \/>Beim Gegner handelt es sich in s\u00fcdbadischen AH-Kreisen um ein relativ unbeschriebenes Blatt \u2013 einzig deren Halbfinalerfolg gegen den Schwarzwald Bezirkspokalsieger FV Tennenbronn mit 7:0 l\u00e4sst mehr als aufhorchen. Alles weitere wollen wir auf dem Platz zeigen \u2013 ist doch der B\u00e4r l\u00e4ngst nicht erlegt &#8230; Wir berichten wieder und freuen uns \u00fcber\u2019s Daumen dr\u00fccken. Euer AH-Team. P.S. \u2013 Ende Oktober\/Anfang November 2014 nehmen wir am S\u00fcdbadischen Meisterschaftsfinale-\u00dc40 teil.<\/p>\n<hr \/>\n<p>AH steht im Finale um die S\u00fcdbadische \u00dc-35 Meisterschaft<\/p>\n<div>\n<p>Was f\u00fcr ein Spiel \u2013 hochspannend, Angriff an Angriff, kaum taktisches Gepl\u00e4nkel, eher dann massives Traktieren und Monieren. Mit Dirk als der Katze auf der hei\u00dfen Rheinaue in \u00fcberragender Form nehmen wir Fahrt auf und setzen mit einer traumhaften Kopfball-Stafette \u00fcber J\u00f6rn zu unserem Goalgetter Bernd den ersten Glanzpunkt und die 1:0-F\u00fchrung \u2013 Vorlagengeber, der selbst ernannte Flankengott J\u00fcrgen B. Leichte Schw\u00e4che \u2013 wir kennen es aus unserem bisherigen Saisonverlauf \u2013 dann in unserem Spiel und so rollt Angriff auf Angriff von den Roten aus Rheinfelden auf unser Tor.<\/p>\n<p>Dirk und die Dreierkette mit Dufi, Mosche und Varol waren chancenlos im Nachschuss fast h\u00e4tte unser Traum-Sechser J\u00fcrgen W. noch kl\u00e4ren k\u00f6nnen \u2013 dann das 1:1 zur Halbzeit. Klar war, die Rheinfelder halten das Tempo gegen die jetzt tief gegen sie stehende Sonne nicht durch. Wir treten wie verwandelt zur Halbzeit 2 an \u2013 abgekl\u00e4rt mit sehr guter Mittelfeld-Defensivarbeit (Micha H., Rolf, Sven) um unseren 2. sehrguten Sechser Walter spielt sich nunmehr nicht mehr viel in und vor unserem Sechzehner ab! Der Gegner wird m\u00fcrbe, streitet, palavert, tritt manches Mal nach (gesch\u00fctzt vom Schiri). Dann wieder J\u00fcrgen B. auf Vorlage von Adi rechts durch \u2013 die Hereingabe nimmt Fadil \u2013 was f\u00fcr ein Tor \u2013 als Direktabnahme und versenkt zum unhaltbaren 2:1-SIEG-TREFFER! Alle Mann genannt \u2013 ein starker Auftritt unserer Truppe im \u00dc35-Kampf. J\u00fcngster Spieler beim Gegner\/Jahrgang 1977 \u2013 wir allein mit 3 50ern und im Schnitt deutlich \u00e4lter. HERRLICH und ein TRAUM!<\/p>\n<p>ABER, noch ist nicht\u2019s daheim \u2013 kein weiterer Pokal, kein Wimpel!<\/p>\n<p>\u00a0<\/p>\n<p><img src=\"images\/slider\/27092014\/AH-Slider.jpg\" alt=\"\" \/><\/p>\n<\/p><\/div>\n","protected":false},"excerpt":{"rendered":"<p>\u00a0 \u00a0 2017 \u00a0 30.10.2017 Deutscher \u00dc40-AH-POKAL &#8211; bundesweite Premiere ab Oktober 2017 mit interessanten MannschaftenFC 09 \u00dcberlingen\/AH ist Teilnehmer am Premiere-Wettbewerb der Saison 2017\/2018 Erstmals wird in der Saison 2017\/2018 eine Fu\u00dfball-Pokalrunde f\u00fcr \u00dc40-Mannschaften bundes-weit \u00fcberregional ausgetragen.24 Mannschaften haben f\u00fcr die Premiere gemeldet. Darunter Traditionsvereine wie der VfL Wolfsburg, Hallescher FC, DSC Arminia Bielefeld, [&hellip;]<\/p>\n","protected":false},"author":1,"featured_media":0,"comment_status":"open","ping_status":"open","sticky":false,"template":"","format":"standard","meta":{"ngg_post_thumbnail":0},"categories":[1],"tags":[],"_links":{"self":[{"href":"https:\/\/fc09ueberlingen.de\/index.php?rest_route=\/wp\/v2\/posts\/100"}],"collection":[{"href":"https:\/\/fc09ueberlingen.de\/index.php?rest_route=\/wp\/v2\/posts"}],"about":[{"href":"https:\/\/fc09ueberlingen.de\/index.php?rest_route=\/wp\/v2\/types\/post"}],"author":[{"embeddable":true,"href":"https:\/\/fc09ueberlingen.de\/index.php?rest_route=\/wp\/v2\/users\/1"}],"replies":[{"embeddable":true,"href":"https:\/\/fc09ueberlingen.de\/index.php?rest_route=%2Fwp%2Fv2%2Fcomments&post=100"}],"version-history":[{"count":0,"href":"https:\/\/fc09ueberlingen.de\/index.php?rest_route=\/wp\/v2\/posts\/100\/revisions"}],"wp:attachment":[{"href":"https:\/\/fc09ueberlingen.de\/index.php?rest_route=%2Fwp%2Fv2%2Fmedia&parent=100"}],"wp:term":[{"taxonomy":"category","embeddable":true,"href":"https:\/\/fc09ueberlingen.de\/index.php?rest_route=%2Fwp%2Fv2%2Fcategories&post=100"},{"taxonomy":"post_tag","embeddable":true,"href":"https:\/\/fc09ueberlingen.de\/index.php?rest_route=%2Fwp%2Fv2%2Ftags&post=100"}],"curies":[{"name":"wp","href":"https:\/\/api.w.org\/{rel}","templated":true}]}}