{"id":101,"date":"2014-09-16T07:47:56","date_gmt":"2014-09-16T05:47:56","guid":{"rendered":"https:\/\/fc09ueberlingen.de\/?p=101"},"modified":"2014-09-16T07:47:56","modified_gmt":"2014-09-16T05:47:56","slug":"aktuelles-ah","status":"publish","type":"post","link":"https:\/\/fc09ueberlingen.de\/?p=101","title":{"rendered":"AH Aktuelles"},"content":{"rendered":"<div>\n<h1><span style=\"color: #ff0000;\">2018<\/span><\/h1>\n<\/p><\/div>\n<p><span style=\"font-size: 8pt; color: #000000;\"><span style=\"font-family: verdana, geneva;\">22.07.2018<\/span><\/span><\/p>\n<h3><span style=\"font-size: 12pt; color: #333399; font-family: tahoma, arial, helvetica, sans-serif;\">Wir fiebern der S\u00fcdeutschen Meisterschaft \u00dc40-2018 am 28.\/<span class=\"cmp_parsed_date\" data-cmp_parsed_date=\"2018-07-29\" data-ce-class=\"Dates\">29.7.2018<\/span> in <span class=\"cmp_parsed_location\" data-cmp_parsed_location_name=\"Aalen\" data-cmp_parsed_location_weather=\"K08136088\" data-cmp_parsed_location_other=\"0\" data-ce-class=\"Locations\">Aalen<\/span> entgegen<\/span><\/h3>\n<p><span style=\"font-size: 8pt; color: #000000;\"><span style=\"font-family: verdana, geneva;\">I<span style=\"font-family: tahoma, arial, helvetica, sans-serif; font-size: 10pt;\">m dritten Jahr in Folge treffen wir bei der S\u00fcdeutschen Meisterschaft auf den FC Bayern M\u00fcnchen. Am Spielort in <span class=\"cmp_parsed_location\" data-cmp_parsed_location_name=\"Aalen\" data-cmp_parsed_location_weather=\"K08136088\" data-cmp_parsed_location_other=\"0\" data-ce-class=\"Locations\">Aalen<\/span> k\u00e4mpfen wir mit den \u00dc40-Landesmeistern aus Bayern, Hessen (SV <span class=\"cmp_parsed_location\" data-cmp_parsed_location_name=\"Erzhausen\" data-cmp_parsed_location_weather=\"K06432006\" data-cmp_parsed_location_other=\"0\" data-ce-class=\"Locations\">Erzhausen)<\/span>, Baden (SG Mingolsheim-Wiesental) und W\u00fcrttemberg (TSG Hofherrnweiler-Unterrombach \/\u00a0 Ausrichter) um den S\u00fcddeutschen Meistertitel. Der Meister erh\u00e4lt gemeinsam mit dem Vizemeister zwei Startpl\u00e4tze bei der Deutschen \u00dc40-Fu\u00dfballmeisterschaft im September 2018 in <span class=\"cmp_parsed_location\" data-cmp_parsed_location_name=\"Berlin\" data-cmp_parsed_location_weather=\"K11000000\" data-cmp_parsed_location_other=\"0\" data-ce-class=\"Locations\">Berlin<\/span> (dort spielen zehn Mannschaften um den Deutschen Meistertitel). <\/span><\/span><\/span><\/p>\n<p><span style=\"font-size: 8pt; color: #000000;\"><span style=\"font-family: verdana, geneva;\"><span style=\"font-family: tahoma, arial, helvetica, sans-serif; font-size: 10pt;\">Wir haben sehr intensiv und engagiert trainiert, mussten aber auch wieder &#8211; teilweise langwierige &#8211; Verletzungen unserer AH-Kameraden (gute Besserung an dieser Stelle Jungs) hinnehmen. Unsere Vorbereitungsspiele waren zuletzt mit zwei 7:1-<span class=\"cmp_parsed_location\" data-cmp_parsed_location_name=\"Siegen\" data-cmp_parsed_location_weather=\"K05970040\" data-cmp_parsed_location_other=\"0\" data-ce-class=\"Locations\">Siegen<\/span> gegen den FC <span class=\"cmp_parsed_location\" data-cmp_parsed_location_name=\"Stei\u00dflingen\" data-cmp_parsed_location_weather=\"K08335077\" data-cmp_parsed_location_other=\"0\" data-ce-class=\"Locations\">Stei\u00dflingen<\/span> sowie FC <span class=\"cmp_parsed_location\" data-cmp_parsed_location_name=\"B\u00fcsingen\" data-cmp_parsed_location_weather=\"K08335015\" data-cmp_parsed_location_other=\"0\" data-ce-class=\"Locations\">B\u00fcsingen<\/span> und letzte Woche mit unserem wichtigen 4:0-Sieg gegen Rot-Wei\u00df <span class=\"cmp_parsed_location\" data-cmp_parsed_location_name=\"Salem\" data-cmp_parsed_location_weather=\"K08435052\" data-cmp_parsed_location_other=\"1\" data-ce-class=\"Locations\">Salem<\/span> sehr erfolgreich. Dabei haben wir gegen <span class=\"cmp_parsed_location\" data-cmp_parsed_location_name=\"Salem\" data-cmp_parsed_location_weather=\"K08435052\" data-cmp_parsed_location_other=\"1\" data-ce-class=\"Locations\">Salem<\/span> f\u00fcr uns bewiesen, dass wir trotz 0:1-Hinspiel-Niederlage unsere Nerven im Griff hatten und wir konzentriert unser Spielsystem aufziehen und unsere Torchancen konsequent nutzen k\u00f6nnen. Das gibt uns bei aller Anspannung und Vorfreude auch eine Portion Zuversicht f\u00fcrs kommende Wochenende bei der S\u00fcddeutschen in <span class=\"cmp_parsed_location\" data-cmp_parsed_location_name=\"Aalen\" data-cmp_parsed_location_weather=\"K08136088\" data-cmp_parsed_location_other=\"0\" data-ce-class=\"Locations\">Aalen<\/span>!<\/span><\/span><\/span><\/p>\n<p><span style=\"font-size: 8pt; color: #000000;\"><span style=\"font-family: verdana, geneva;\"><span style=\"font-family: tahoma, arial, helvetica, sans-serif; font-size: 10pt;\">Wir sind gut besetzt und hei\u00df auf eine R\u00fcckkehr (nach 2016) nach <span class=\"cmp_parsed_location\" data-cmp_parsed_location_name=\"Berlin\" data-cmp_parsed_location_weather=\"K11000000\" data-cmp_parsed_location_other=\"0\" data-ce-class=\"Locations\">Berlin<\/span>, dr\u00fcckt uns die Daumen werte AH-Fans &#8211; Danke von euren Alten Herren!<\/span><br \/><\/span><\/span><\/p>\n<p><span style=\"font-size: 8pt; color: #000000;\"><span style=\"font-family: verdana, geneva;\"><span style=\"font-family: tahoma, arial, helvetica, sans-serif; font-size: 10pt;\">Wir berichten wieder &#8230;<\/span><\/span><\/span><\/p>\n<p><span style=\"font-size: 8pt; color: #000000;\"><span style=\"font-family: verdana, geneva;\">(sc)<\/span><\/span><\/p>\n<hr \/>\n<p><span style=\"font-size: 8pt; color: #000000;\"><span style=\"font-family: verdana, geneva;\">19.07.2018<\/span><\/span><\/p>\n<h3><span style=\"font-size: 12pt; color: #333399;\"><span style=\"font-family: tahoma, arial, helvetica, sans-serif;\">Klarer 4:0-Sieg im Viertelfinal-R\u00fcckspiel sichert Einzug ins Halbfinale der<\/span><span style=\"font-family: tahoma, arial, helvetica, sans-serif;\">S\u00fcdbadischen \u00dc40-Meisterschaft 2018<\/span><\/span><\/h3>\n<p><span style=\"font-size: 10pt; color: #000000; font-family: tahoma, arial, helvetica, sans-serif;\">War es eine Standortbestimmung? Nicht ohne Anspannung ging es gestern Abend am Salem-College in das f\u00fcr uns immens wichtige Viertelfinal-R\u00fcckspiel nach der 0:1-Hinspiel-Niederlage gegen Rot-Wei\u00df Salem bei der S\u00fcdbadischen \u00dc40-Meisterschaft 2018!<\/p>\n<p>Es war ein Test mit Wert. Am Ende hie\u00df es 4:0 und ein in Summe betrachtet klarer Sieg. Herrlichstes Spielumfeld mit einem Top-Rasen und guten Wetterbedingungen gaben den Rahmen f\u00fcr unser Vorhaben, uns nicht aus der S\u00fcdbadischen \u00dc40-Meisterschaft 2018 zu verabschieden.<\/p>\n<p>Das Team am gestrigen Sommer-Abend:<\/p>\n<p>Dirk, Roman, Martin, Bibi, Rolf, Tuncay, Marko, Walter, K\u00fchne, Ivan, J\u00fcrgen, Sven, Fadil, Linde, Blumi.<\/p>\n<p>Coach: Wolfgang<\/p>\n<p>Mit Ausnahme einer Gro\u00dfchance f\u00fcr die Salemer Truppe beherrschten wir gestern Abend das Geschehen. Konzentriert unser Vorgehen, stabil in unserem Passspiel, konsequent in der Abwehrarbeit, so kam es zu einer Reihe von gl\u00e4nzenden Angriffen und ebensolchen Gro\u00dfchancen f\u00fcr uns.<\/p>\n<p>Das erl\u00f6sende 1:0 in Halbzeit I durch Romans wunderbaren Kopfball-Treffer brachte uns auf die Siegerstra\u00dfe &#8211; Markos unb\u00e4ndiger Wille, sich mit Toren &#8211; vorl\u00e4ufig &#8211; in eine Fu\u00dfballpause zu verabschieden brachten die Treffer zum 2:0 (Halbzeitstand) und 3:0. Den Schlusspunkt setzte Sven &#8211; gut okay, nach so vielen AH-Jahren l\u00e4ngst f\u00e4lliges erstes Meisterschaftstor &#8211; nach sehr guter Vorarbeit von Roman zum 4:0!<\/p>\n<p>Das Zwischenziel ist somit erreicht. Es wartet nun ausw\u00e4rts der SV Gro\u00dfsch\u00f6nach im anstehenden SBFV-Halbfinale der \u00dc40-Meisterschaft. In der zweiten Tableau-H\u00e4lfte k\u00e4mpfen Stadelhofen\/Oberkirch, Schwarzach (fr\u00fcherer Verbandspokalfinalist mit uns), Weil und Rimsingen um den Finaleinzug.<\/span><\/p>\n<p><span style=\"font-size: 10pt; color: #000000; font-family: tahoma, arial, helvetica, sans-serif;\"><strong>Wir danken<\/strong>:<\/span><\/p>\n<ul style=\"list-style-type: square;\">\n<li><span style=\"font-size: 10pt; color: #000000; font-family: tahoma, arial, helvetica, sans-serif;\">J\u00fcrgen und Ronny f\u00fcr euer grandioses Sponsoring f\u00fcr uns und die Orga der neuen Sweat-Shirts durch Dich, J\u00fcrgen. Ganz gro\u00dfer Dank an euch!!!<\/span><\/li>\n<li><span style=\"font-size: 10pt; color: #000000; font-family: tahoma, arial, helvetica, sans-serif;\">Rolf f\u00fcr die Schiri-Orga<\/span><\/li>\n<li><span style=\"font-size: 10pt; color: #000000; font-family: tahoma, arial, helvetica, sans-serif;\">Bene f\u00fcrs Pendeln und die Mit-Orga am College <\/span><\/li>\n<li><span style=\"font-size: 10pt; color: #000000; font-family: tahoma, arial, helvetica, sans-serif;\">Linde f\u00fcrs Mitnehmen der Trikots <\/span><\/li>\n<li><span style=\"font-size: 10pt; color: #000000; font-family: tahoma, arial, helvetica, sans-serif;\">Ian, Dufi, Wolfgang und Tobi f\u00fcr die Platz-Orga &#8211; Ian und das College wurden &#8222;fl\u00fcssig entlohnt&#8220;<\/span><\/li>\n<li><span style=\"font-size: 10pt; color: #000000; font-family: tahoma, arial, helvetica, sans-serif;\">Und last, but not least: unsere Fan-AH-Kumpels am College bescherten uns eine wunderbare AH-Kulisse &#8211; danke f\u00fcrs dabei sein, M\u00e4nner!<\/span><\/li>\n<\/ul>\n<p><span style=\"font-size: 10pt; color: #000000; font-family: tahoma, arial, helvetica, sans-serif;\">(sc)<\/span><\/p>\n<hr \/>\n<p><span style=\"font-size: 8pt; color: #000000;\"><span style=\"font-family: verdana, geneva;\">19.04.2018<\/span><\/span><\/p>\n<h3><span style=\"font-family: tahoma, arial, helvetica, sans-serif; font-size: 12pt; color: #003366;\">Deutscher \u00dc40-AH-Pokal &#8211; FC 09 unterliegt in 2. Runde dem SV 1920 Leiselheim mit 0:3<br \/><\/span><\/h3>\n<p><span style=\"font-size: 10pt; font-family: tahoma, arial, helvetica, sans-serif;\">Hoch gesteckt waren unsere Ziele im Premierenjahr des Deutschen \u00dc40-AH-Pokals. Nach dem \u00fcberzeugenden Ausw\u00e4rtsauftritt mit einem 4:1-Sieg in der ersten Pokalrunde beim TV Neuler waren wir frohen Mutes und durchaus optimistisch, uns auch im zweiten Pokalspiel schadlos halten zu k\u00f6nnen.<\/span><\/p>\n<p><span style=\"font-size: 10pt; font-family: tahoma, arial, helvetica, sans-serif;\">Doch ein Schatten seiner selbst war das FC-Team vor heimischer Kulisse im Sportzentrum Altbirnau gegen eine sehr gut eingestellte Mannschaft aus Worms, dem SV Leiselheim. Zu keiner Zeit des Spiels gelang es uns auch nur im entferntesten, die Geschlossenheit und den Siegeswillen der vergangenen Partien auf den Platz zu bringen &#8211; einer Blockade gleich die Spielweise. Das nutzte der starke Gegner aus der Pfalz. In ruhiger, abgekl\u00e4rter Weise warteten die Leiselheimer auf ihre Chancen &#8211; und diese sollten sich in der zweiten H\u00e4lfte der Partie auch einstellen. <\/span><\/p>\n<p><span style=\"font-size: 10pt; font-family: tahoma, arial, helvetica, sans-serif;\">Dennoch kamen wir in H\u00e4lfte eins fr\u00fch zu einer guten Gelegenheit durch J\u00f6rn Janzen, die aber vom gegnerischen Goalie gerade noch entsch\u00e4rft werden konnte. Und nach einer Ecke landete ein Kopfball von unserem &#8222;Bibi&#8220; am Au\u00dfenposten. Weitere nennenswerte Chancen erspielten wir uns nicht. Bezeichnend f\u00fcr unser Spiel war an diesem Tag: Die gr\u00f6\u00dfte Gefahr entwickelten wir durch Standardsituationen. Auf der Gegenseite verzeichnete der Gegner ebenfalls einen Aluminiumtreffer nach einer Ecke. <\/span><\/p>\n<p><span style=\"font-family: tahoma, arial, helvetica, sans-serif; font-size: 10pt;\">Mit einem leistungsgerechten 0:0 ging es in die Kabinen. Aber kaum drei Zeigerumdrehungen nach Wiederanpfiff fiel die 1:0-F\u00fchrung der Leiselheimer durch Ibrahim Kurt, beg\u00fcnstigt durch eine Verkettung ungl\u00fccklicher Aktionen auf Seiten des FC 09. Durch diesen fr\u00fchen und unn\u00f6tigen Gegentreffer schien jetzt vollends die Luft aus der FC-Truppe zu entweichen. Kein Aufb\u00e4umen, kein Gegenhalten, kein \u201eJetzt-erst-recht\u201c; nichts davon war in der folgenden Spielzeit bei den 09ern zu erkennen. Und so lies die logische Konsequenz nicht allzu lange auf sich warten, wenngleich der zweite Treffer der Pf\u00e4lzer Oldies kurios zustande kam. Unser Freisto\u00dfspezialist Ivan Korov setzte einen Freisto\u00df an den Pfosten und mit dem kl\u00e4renden weiten Ball leitete der Gegner den direkten Gegenzug ein, wodurch Wissam Abdul-Ghani in der 51. Spielminute alleine vor unserem Torsteher Dirk Hornstein auftauchte und die umjubelte 2:0-Vorentscheidung erzielte. Sp\u00e4testens jetzt war die Messe gelesen f\u00fcr die Gastgeber. <\/span><\/p>\n<p><span style=\"font-size: 10pt; font-family: tahoma, arial, helvetica, sans-serif;\">Nur noch eine Randnotiz ist die Elfmeterentscheidung in der Nachspielzeit (70. + 2) durch das sehr souver\u00e4n leitende Schiedsrichtergespann um Uwe Schaffart (SR) und seinen beiden Assistenten Oskar Lorenz und Ralf Riedlinger. Erneut hie\u00df der Torsch\u00fctze Ibrahim Kurt. Er trat an, verwandelte sicher und sorgte f\u00fcr den 3:0-Endstand. <\/span><\/p>\n<p><span style=\"font-size: 10pt; font-family: tahoma, arial, helvetica, sans-serif;\">Die Alten Herren des FC 09 konnten in diesem Spiel nie an die Leistung von Neuler ankn\u00fcpfen. Dies w\u00e4re aber mindestens notwendig gewesen gegen die an diesem Tag b\u00e4renstarken und in allen entscheidenden Belangen \u00fcberlegenen Leiselheimer. <\/span><\/p>\n<p><span style=\"font-family: tahoma, arial, helvetica, sans-serif; font-size: 10pt;\"><strong>Unser Team: Dirk Hornstein, Markus &#8222;Dufi&#8220; Duffner, Walter Strasser, Hermann &#8222;Bibi&#8220; Welte, Tuncay Tuncer, Tobias C. Lau, Ronny Herder, Martin Welte, Marko Barlecaj, Ivan Korov, J\u00f6rn Janzen, Rolf Schlegel, Roman Ludi, J\u00fcrgen Beirer, Varol \u00dcnal<\/strong><\/span><\/p>\n<p><span style=\"font-size: 10pt; font-family: tahoma, arial, helvetica, sans-serif;\">Auch wenn die Pokalwunde jetzt sicher ein paar Tage schmerzen wird, gilt es, den Blick nach vorne zu richten, denn es warten in 2018 noch weitere gro\u00dfe Ziele auf uns!<\/span><\/p>\n<p><span style=\"font-size: 10pt; font-family: tahoma, arial, helvetica, sans-serif;\"><strong> Auf geht&#8217;s M\u00e4nner, Kopf hoch und wieder Gas geben! <\/strong><br \/><\/span><\/p>\n<p><span style=\"font-size: 10pt; font-family: tahoma, arial, helvetica, sans-serif;\">(sc \/ rl)<br \/><\/span><\/p>\n<hr \/>\n<p><span style=\"font-size: 8pt; color: #000000;\"><span style=\"font-family: verdana, geneva;\">24.03.2018<\/span><\/span><\/p>\n<p><span style=\"font-family: tahoma, arial, helvetica, sans-serif; font-size: 12pt; color: #000080;\"><strong>Deutscher \u00dc40-AH-Pokal &#8211; Erfolgreiche Premiere des FC 09<\/strong> <\/span><\/p>\n<p><span style=\"font-family: tahoma, arial, helvetica, sans-serif;\"><span style=\"color: #333333; font-size: 10pt;\">Erstmals wird in der Saison 2017\/2018 eine Fu\u00dfball-Pokalrunde f\u00fcr \u00dc40-Mannschaften bundesweit ausgetragen. <\/span><span style=\"color: #333333; font-size: 10pt;\">24 Mannschaften haben f\u00fcr die Premiere gemeldet. Darunter Traditionsvereine wie der VfL Wolfsburg, Hallescher FC, DSC Arminia Bielefeld, SC Paderborn, SC Westfalia Herne, VfR Wormatia Worms und HSV Barmbek-Uhlenhorst.<\/span><\/span><\/p>\n<p><span style=\"font-family: tahoma, arial, helvetica, sans-serif;\"><span style=\"font-size: 10pt;\"><span style=\"color: #333333;\">Der Wettbewerb wurde ins Leben gerufen, um deutschen \u00dc40-Fu\u00dfballmannschaften die M\u00f6glichkeit zu geben, an einem \u00fcberregionalen, nationalen Pokalwettbewerb teilzunehmen. Bereits langj\u00e4hrig werden bei den \u00dc40- und \u00dc50-Senioren die Deutschen Meisterschaften &#8211; der DFB-\u00dc40-Cup und DFB-\u00dc50-Cup &#8211; jeweils j\u00e4hrlich im September in Berlin ausgetragen &#8211; jedoch ist d<\/span><span style=\"color: #333333;\">ie Qualifikation zu diesen Wettbewerben sehr schwierig und die Teilnehmerzahl auf 10 Teams in der Altersklasse \u00dc40 und auf 6 Teams in der Altersklasse \u00dc50 beschr\u00e4nkt.<\/span><\/span><span style=\"font-size: 10pt;\"><span style=\"color: #333333;\">Das war der ausschlaggebende Punkt f<\/span><span style=\"color: #333333;\">\u00fcr die Idee, einen bundesweiten deutschen <\/span><span style=\"color: #333333;\">AH<\/span><span style=\"color: #333333;\">\/<\/span><span style=\"color: #333333;\">\u00dc40<\/span><span style=\"color: #333333;\">&#8211;<\/span><span style=\"color: #333333;\">Pokalwettbewerb ins Leben zu rufen, an dem <\/span><span style=\"color: #333333;\">interessierte <\/span><span style=\"color: #333333;\">\u00dc40<\/span><span style=\"color: #333333;\">&#8211;<\/span><span style=\"color: #333333;\">Teams von Amateurclubs von Flensburg bis <\/span><span style=\"color: #333333;\">B<\/span><span style=\"color: #333333;\">erchtesgaden und <\/span><span style=\"color: #333333;\">auch <\/span><span style=\"color: #333333;\">Traditionsmannschaften ohne Qualifikation teilnehmen k\u00f6nnen.<\/span><span style=\"color: #333333;\"> Neben den <\/span><span style=\"color: #333333;\">\u00dc40<\/span><span style=\"color: #333333;\">&#8211;<\/span><span style=\"color: #333333;\">Mannschaften, die nicht in Spielrund<\/span><span style=\"color: #333333;\">en organisiert sind, haben <\/span><span style=\"color: #333333;\">auch Traditionsmannschaften die M\u00f6glichkeit, sich &#8211; abseits von Benefiz- und Freundschaftsspielen &#8211; einem Wettbewerb zu stellen, an dessen Ende <\/span><span style=\"color: #333333;\">mit dem Deutschen \u00dc40-AH-Pokalsieger <\/span><span style=\"color: #333333;\">ein Titel<\/span><span style=\"color: #333333;\">gewinn<\/span><span style=\"color: #333333;\"> und interessante Preisgelder stehen.<\/span><\/span><span style=\"font-size: 10pt;\"><span style=\"color: #333333;\">Am Samstag, 28. Oktober <\/span><span style=\"color: #333333;\">2017 war der <\/span><span style=\"color: #333333;\">Deutsche \u00dc40<\/span><span style=\"color: #333333;\">-AH-<\/span><span style=\"color: #333333;\">Pokal<\/span><span style=\"color: #333333;\"> in die 1. Pokalrunde gestartet<\/span><span style=\"color: #333333;\">. Die Spielzeit<\/span><span style=\"color: #333333;\">en<\/span><span style=\"color: #333333;\"> betr<\/span><span style=\"color: #333333;\">agen <\/span><span style=\"color: #333333;\">2 x 35 Minuten<\/span><span style=\"color: #333333;\"> \u2013 bei Remis wird <\/span><span style=\"color: #333333;\">um 2 x 10 Minuten verl\u00e4ngert<\/span><span style=\"color: #333333;\"> mit ggf. anschlie\u00dfendem <\/span><span style=\"color: #333333;\">Elfmeterschie\u00dfen. D<\/span><span style=\"color: #333333;\">ie folgenden Runden werden im <\/span><span style=\"color: #333333;\">M\u00e4rz\/April <\/span><span style=\"color: #333333;\">2018<\/span><span style=\"color: #333333;\"> ausgetragen &#8211; die Halbfinals finden im Mai 2018 statt, das Finale steigt im Juni 2018.<\/span><\/span><\/span><\/p>\n<p><span style=\"font-family: tahoma, arial, helvetica, sans-serif;\"><span style=\"font-size: 10pt;\"><span style=\"color: #333333;\">Am 17. M\u00e4rz 2018 traten nun unsere Mannen<\/span><span style=\"color: #333333;\"> beim <\/span><span style=\"color: #333333;\"><strong>TV Neuler<\/strong> (W\u00fcrttemberg)<\/span><span style=\"color: #333333;\"> an. <\/span><\/span><span style=\"font-size: 10pt;\"><span style=\"color: #333333;\">Bei gef\u00fchlten mindestens <\/span><\/span><span style=\"font-size: 10pt;\">6 Grad minus lieferten sie auf schwer bespielbarem Gel\u00e4uf einen vor allem in der zweiten H\u00e4lfte \u00fcberzeugenden Auftritt ab <\/span><span style=\"font-size: 10pt;\">beim auch hoch gehandelten TV <span data-cmp_parsed_location_name=\"Neuler\" data-cmp_parsed_location_weather=\"K08136046\" data-cmp_parsed_location_other=\"0\" data-ce-class=\"Locations\">Neuler<\/span> von der tief-schw\u00e4bischen Ostalb.<\/span><\/span><\/p>\n<p><span style=\"font-family: tahoma, arial, helvetica, sans-serif; font-size: 10pt;\">Angefasst auch vom \u00fcberraschenden Ableben des noch jungen 1. Vorstands vom TV <span data-cmp_parsed_location_name=\"Neuler\" data-cmp_parsed_location_weather=\"K08136046\" data-cmp_parsed_location_other=\"0\" data-ce-class=\"Locations\">Neuler<\/span> in der Woche des Spiel und einer feierlichen Gedenkminute versuchten die FC09-Mannen um Kapit\u00e4n Dirk Hornstein auch anbetrachts der bei\u00dfenden K\u00e4lte und strengem Ostwind ins Spiel zu kommen.<\/span><\/p>\n<p><span style=\"font-family: tahoma, arial, helvetica, sans-serif; font-size: 10pt;\">Das erste Rasenspiel der Saison erwies sich jedoch als H\u00fcrde. Das holprige und seifige Gel\u00e4uf kam eher der Spielweise der Gastgeber entgegen als der unseren. Dennoch f\u00fchrte eine gro\u00dfartige Spieler\u00f6ffnung durch unseren Torsteher Dirk nach 10 Spielminuten zur zweiten Torchance und zum viel umjubelten <strong>1:0<\/strong>! Nach einer feinen Einzelleistung von Ivan nahe der Eckfahne, gefolgt von einer pr\u00e4zisen Flanke, konnte Marko in der Mitte des Strafraums unbedr\u00e4ngt eink\u00f6pfen.,<\/span><\/p>\n<p><span style=\"font-family: tahoma, arial, helvetica, sans-serif; font-size: 10pt;\">Einer weiteren gro\u00dfen Chance f\u00fcr uns und einer sehr guten Parade des Heimtorwarts folgte in der 17. Minute der Ausgleich &#8211; <span data-cmp_parsed_location_name=\"Neuler\" data-cmp_parsed_location_weather=\"K08136046\" data-cmp_parsed_location_other=\"0\" data-ce-class=\"Locations\">Neuler<\/span> zeigte Gegenwehr. Auch mit intensivem K\u00f6rpereinsatz &#8211; da wurde es sogar teils den Zuschauern hei\u00df beim Zusehen. Hei\u00df auch die Diskussionen auf und neben dem Platz und immer mit dem und um den Schiri &#8211; aber insgesamt dennoch eine gute Leistung vom Schirigespann von der Ostalb in einer von den Gastgebern teils doch sehr &#8222;rustikal&#8220; gef\u00fchrten Partie.<\/span><\/p>\n<p><span style=\"font-family: tahoma, arial, helvetica, sans-serif; font-size: 10pt;\">Mit dem Remis ging es in die Kabine. Nach einer klaren Ansprache und einer taktischen Neuausrichtung schickte unser Coach die Jungs schlie\u00dflich wieder hinaus in die K\u00e4lte. Und offensichtlich schien beides gefruchtet zu haben: Unser Team kam mit einem starken Willen aus der Kabine und spielte nahezu die gesamte zweite Halbzeit in der Spielh\u00e4lfte der Heimmannschaft. Zwingende Folge der spielerischen \u00dcberlegenheit waren dann unsere Treffer in regelm\u00e4\u00dfigen Abst\u00e4nden: Das <strong>2:1<\/strong> erzielte Ivan nach sch\u00f6ner Vorarbeit von Marko. Das <strong>3:1<\/strong> gelang J\u00f6rn nach einem unaufhaltsamen Sprint \u00fcber die Au\u00dfenbahn. Und schlie\u00dflich kr\u00f6nte Tobi seine tolle Leistung in der zweiten Halbzeit noch mit einem sehenswerten Solo zum <strong>4:1<\/strong> Endstand! Damit hie\u00df der Sieger nach 35 \u00fcberragenden Minuten in der zweiten H\u00e4lfte: <strong>FC 09 \u00dcberlingen<\/strong>.\u00a0<\/span><\/p>\n<p><span style=\"font-family: tahoma, arial, helvetica, sans-serif; font-size: 10pt;\">Das Team: Dirk Hornstein &#8211; Markus &#8222;Dufi&#8220; Duffner, Walter Strasser, Varol \u00dcnal &#8211; <span style=\"font-family: tahoma, arial, helvetica, sans-serif; font-size: 10pt;\"><span style=\"font-family: tahoma, arial, helvetica, sans-serif; font-size: 10pt;\">Roman Ludi,\u00a0<\/span><\/span>Tobias C. Lau, Ronny Herder, Martin Welte &#8211; <span style=\"font-family: tahoma, arial, helvetica, sans-serif; font-size: 10pt;\"><span style=\"font-family: tahoma, arial, helvetica, sans-serif; font-size: 10pt;\">Marko Barlecaj, J\u00f6rn Janzen &#8211; Ivan Korov &#8211; Rolf Schlegel, Fadil Bislimi, Uwe Negrassus, J\u00fcrgen Beirer<br \/><\/span><\/span><\/span><\/p>\n<p><strong><span style=\"font-family: tahoma, arial, helvetica, sans-serif; font-size: 10pt;\">Unser Dank gilt all denjenigen, die in irgendeiner Art und Weise zum Gelingen dieser &#8222;Ausfahrt&#8220; beigetragen haben, allen voran unser J\u00f6rn, der mit seiner gro\u00dfz\u00fcgigen Spende die Teilnahme an diesem Wettbewerb erst erm\u00f6glicht hat!<\/span><\/strong><\/p>\n<p><span style=\"font-family: tahoma, arial, helvetica, sans-serif; font-size: 10pt;\">In der zweiten Runde des Deutschen AH-Pokals\/\u00dc40 treffen wir nun <span style=\"font-family: tahoma, arial, helvetica, sans-serif; font-size: 10pt;\">zuhause<\/span> am <strong>14. April 2018<\/strong> auf den SV Leiselheim (Stadtteil von <span class=\"cmp_parsed_location\" data-cmp_parsed_location_name=\"Worms\" data-cmp_parsed_location_weather=\"K07319000\" data-cmp_parsed_location_other=\"0\" data-ce-class=\"Locations\">Worms<\/span>) und hoffen auf lautstarke Unterst\u00fctzung! Ansto\u00df ist 16:30 Uhr.<\/span><\/p>\n<p><span style=\"font-family: tahoma, arial, helvetica, sans-serif; font-size: 10pt;\">(sc \/ rl)<\/span><\/p>\n<hr \/>\n<p>30.01.2018<\/p>\n<h1><strong><span style=\"color: #000080;\"><span style=\"font-family: tahoma, arial;\"><span style=\"font-size: medium;\">AH startet \u00fcberragend ins neue Fu\u00dfballjahr &#8211; <\/span><\/span><\/span><span style=\"color: #000080;\"><span style=\"font-family: tahoma, arial;\"><span style=\"font-size: medium;\">Zwei Hallenturnier-Teilnahmen bringen zwei Titel<br \/><\/span><\/span><\/span><\/strong><\/h1>\n<p><span style=\"font-family: tahoma, arial, helvetica, sans-serif;\"><span style=\"font-size: small;\">D<span style=\"font-size: 10pt;\">as Jahr 2018 k\u00f6nnte das wichtigste und erfolgreichste Jahr in der bereits langen und ruhmreichen Geschichte der AH des FC 09 \u00dcberlingen werden. Drei deutsche Meisterschaften<\/span><\/span><span style=\"font-size: 10pt;\"> und ein &#8222;DFB&#8220;-Pokal stehen\u00a0in diesem Jahr als Ziel auf dem Programm der ehrgeizigen Mannen vom Bodensee.<\/span> <br \/><\/span><\/p>\n<p><span style=\"font-family: tahoma, arial, helvetica, sans-serif; font-size: 10pt;\"><span style=\"text-decoration: underline;\">06.01.2018 \/ Hallenturnier in Bad Neuenahr<\/span><\/span><\/p>\n<div><span style=\"font-family: tahoma, arial, helvetica, sans-serif; font-size: 10pt;\">Nach langer zweimonatiger Vorbereitungsphase des Interimscoach Tobias C. stand die Taktik und der Spielerkader endlich fest:<\/span><\/div>\n<p><span style=\"font-family: tahoma, arial, helvetica, sans-serif; font-size: 10pt;\"><em>Im Tor<\/em><em>:<\/em> Adi<\/span><\/p>\n<p><span style=\"font-family: tahoma, arial, helvetica, sans-serif;\"><span style=\"font-size: 10pt;\"><em>Abwehrblock<\/em><em>:<\/em> Roman, K\u00fchne, Neger<\/span>\u00a0<\/span><\/p>\n<p><span style=\"font-family: tahoma, arial, helvetica, sans-serif;\"><span style=\"font-size: 10pt;\"><em>Mittelfeld<\/em><em>:<\/em> Ralf, Tobi, Bene<\/span>\u00a0<\/span><\/p>\n<p><span style=\"font-family: tahoma, arial, helvetica, sans-serif;\"><span style=\"font-size: 10pt;\"><em>Sturm<\/em><em>:<\/em> Harry K., Fadil<\/span>\u00a0<\/span><\/p>\n<p><span style=\"font-family: tahoma, arial, helvetica, sans-serif;\"><span style=\"font-size: 10pt;\"><em>Anfangsformation<\/em><em>:<\/em> Adi, Roman, K\u00fchne, Ralf, Tobi, Harry<\/span><\/span><\/p>\n<p><span style=\"font-family: tahoma, arial, helvetica, sans-serif; font-size: 10pt;\">Adi im Tor, okay, das war einfach, denn er war auch einfach \u00fcberragend und mit Abstand der inoffizielle beste Torwart des Turniers. Dann war klar, wir spielen mit f\u00fcnf Feldspielern ein 2:2:1-System und zwingen den Gegner mit druckvollem Pressing von Anfang an zu Fehlern.\u00a0<\/span><\/p>\n<p><span style=\"font-family: tahoma, arial, helvetica, sans-serif; font-size: 10pt;\">Doch es kam ganz anders: Wir fuhren am Sa. um 6 Uhr auf die Autobahn, da \u00fcberholte uns ein Fahrzeug hupend und wild gestikulierend auf der Autobahn, es war \u201eJones\u201c, auch BIBI genannt. Er tauchte &#8222;wie vom Blitz getroffen&#8220; und &#8222;todkrank&#8220; aus der Versenkung auf. Nun hatte unser Interimscoach nur noch auf der Hinfahrt Zeit, BIBI in unser Konzept neu einzubauen, was aber nach f\u00fcnfst\u00fcndiger Autofahrt unter massivem Druck und in buchst\u00e4blich letzter Sekunde gelang.<\/span><\/p>\n<p><span style=\"font-family: tahoma, arial, helvetica, sans-serif; font-size: 10pt;\">Denn BIBI sollte es sein, der nach hervorragendem Zuspiel aus der eigenen H\u00e4lfte vom Erfolgscoach den entscheidende Treffer zum 2:1-Sieg gegen den Top-Favoriten des Turniers beisteuerte und schlie\u00dflich als &#8222;Sch\u00f6nster Spieler der Turniers&#8220; den begehrten Titel mit an den Bodensee mitnehmen konnte.<\/span><\/p>\n<p><span style=\"font-family: tahoma, arial, helvetica, sans-serif; font-size: 10pt;\">Durch die entscheidende Taktik mit dem offensiven Vor-Pressing gab es in den ersten beiden Spielen keinerlei Chancen des Gegners, im Gegenteil, das Spiel wurde somit in die gegnerische H\u00e4lfte verlagert und die Ergebnisse 9:0 und 14:0 sprechen f\u00fcr sich.<\/span><\/p>\n<p><span style=\"font-family: tahoma, arial, helvetica, sans-serif; font-size: 10pt;\">Adi war praktisch arbeitslos. Und nein, es waren keine Schachfiguren und auch kein \u00dc60-Turnier, die Ergebnisse waren mit Abstand die h\u00f6chsten Siege des Turniers. Die anderen Mannschaften taten sich alle schwer mit den vermeintlich leichteren Gegnern.<\/span><\/p>\n<p><span style=\"font-family: tahoma, arial, helvetica, sans-serif; font-size: 10pt;\">Dann das dritte und entscheidende Spiel gegen den Top-Favoriten. Wir f\u00fchrten durch das Vor-Pressing schnell 2:0, kontrollierten den Gegner nach Belieben und lie\u00dfen nur noch kurz vor Schluss den Anschlusstreffer zum 2:1-Sieg zu.<\/span><\/p>\n<p><span style=\"font-family: tahoma, arial, helvetica, sans-serif; font-size: 10pt;\">Bis zu diesem Zeitpunkt liefen auch die Ein- und Auswechslungen der drei Bl\u00f6cke sehr diszipliniert ab und jeder f\u00fcgte sich entsprechend den strikten Anweisungen des so hochgelobten Interimcoachs ein. Dann aber das vierte Spiel, wir f\u00fchrten bereits fr\u00fch durch die vom Trainer ausgegebene Taktik 2:0 gegen den Endspielteilnehmer des Vorjahres.\u00a0<\/span><\/p>\n<p><span style=\"font-family: tahoma, arial, helvetica, sans-serif; font-size: 10pt;\">Dann aber die entscheidende Szene 7 Min. vor Schluss der Partie als die beste Schiedsrichterin des Turniers je einen Spieler h\u00fcben wie dr\u00fcben v\u00f6llig zu Recht des feldes verwies. Dadurch verloren der FC09 die Kontrolle \u00fcber dieses Spiel. Jeder machte auf einmal was er wollte nach dem Motto: Jeder macht was er will, keiner was er soll und alle machen mit!<\/span><\/p>\n<p><span style=\"font-family: tahoma, arial, helvetica, sans-serif; font-size: 10pt;\">Die Taktik war nun: mit den gesetzten Feld-Spielern K\u00fchne, Roman, Tobi und Ralf ohne Stossst\u00fcrmer das Spiel 4 gegen 4 locker nach Hause zu schaukeln. Aber keiner hielt sich daran. Und es kam wie es kommen musste:\u00a0<\/span><\/p>\n<p><span style=\"font-family: tahoma, arial, helvetica, sans-serif; font-size: 10pt;\">K\u00fchne gelang mit einem Sensations-Eigentor kurz vor Schluss der entscheidende Treffer zum 2:2 Endstand, nachdem Fadil vor dem Tor trotz \u00dcberzahl nicht zum besser postierten Mann abspielte und Roman seinen Gegenspieler unerkl\u00e4rlich nach einem Eckball zum 1:2 aus den Augen verlor.<\/span><\/p>\n<p><span style=\"font-family: tahoma, arial, helvetica, sans-serif; font-size: 10pt;\">Jetzt musste im letzten Spiel gegen den Gastgeber unbedingt ein Sieg eingefahren werden. Im letzten Spiel dann der Durchbruch, die Antwort der Mannschaft sprach eine eindeutige Sprache: Jetzt erst Recht! Der FC09 spielte sich nach 3 Minuten eine 3:0-F\u00fchrung heraus. Die Taktik: Lass den Gegner nicht ins Spiel kommen und verlagere das Spiel in die gegnerische H\u00e4lfte mit aggressivem Pressing gegen den Ball. Keine Chance damit f\u00fcr den Gegner!\u00a0<\/span><\/p>\n<p><span style=\"font-family: tahoma, arial, helvetica, sans-serif; font-size: 10pt;\">Der Endstand: 7:2! Die zwei Gegentreffer fielen kurz kurz vor Schluss nur durch Unachtsamkeiten. Auch Bene kam in den letzten 5 Min. nochmal zu seinem dritten Einsatz.<\/span><\/p>\n<p><span style=\"font-family: tahoma, arial, helvetica, sans-serif; font-size: 10pt;\">Mit insgesamt 35 Tore und nur 6 Gegentreffern inklusive einem Eigentor durch den &#8222;Man of The Match&#8220;, the Great K\u00fchne mit entscheidenden 8 Treffern auch Torsch\u00fctzenk\u00f6nig des Turniers, sprechen eine klare Sprache. <\/span><\/p>\n<p><span style=\"font-family: tahoma, arial, helvetica, sans-serif; font-size: 10pt;\">Was danach abging, kann man nicht beschreiben, denn daf\u00fcr gibt es keine Worte.\u00a0<\/span><\/p>\n<p><span style=\"font-family: tahoma, arial, helvetica, sans-serif; font-size: 10pt;\">Es folgte ein rauschende Siegesparty mit einem 12-st\u00fcndigem Siegeszug durch den ganzen Ort Bad Neuenahr. Danke auch nochmal an unseren rheinischen Kameraden Harry K., der das ganze hervorragend inszeniert hat und mit der Leihgabe von Bene an unseren ersten Gegner somit Bene zur h\u00f6chsten Einsatzzeit all unserer Spieler gesorgt hat.\u00a0<\/span><\/p>\n<p><span style=\"font-family: tahoma, arial, helvetica, sans-serif; font-size: 10pt;\">An dieser Stelle nochmals herzlichen Gl\u00fcckwunsch an das Feierbiest K\u00fchne mit seinen letzten &#8222;3 Musketieren&#8220;, die unter dem Decknamen: \u201eDie wei\u00dfe Weste\u201c bis 5 Uhr fr\u00fch an der Bar mit jeweils nochmals f\u00fcnf Abschlussbieren die Stellung hielten und den Apfelbaum abschlossen.\u00a0<\/span><\/p>\n<p style=\"margin-bottom: 0cm;\"><span style=\"font-family: tahoma, arial, helvetica, sans-serif; font-size: 10pt;\">(tcl \/ rl)<\/span><span style=\"text-decoration: underline; font-family: tahoma, arial, helvetica, sans-serif; font-size: 10pt;\"><\/p>\n<p>20.01.2018 \/ Hallenturnier in Stei\u00dflingen<\/span><\/p>\n<p><span style=\"font-family: tahoma, arial, helvetica, sans-serif; font-size: 10pt;\">Die Erfolgsgeschichte geht weiter &#8230; <\/span><\/p>\n<p><span style=\"font-family: tahoma, arial, helvetica, sans-serif;\"><span style=\"font-size: 10pt;\">Nach dem gro\u00dfen Triumph der \u00dc50 in Bad Neuenahr wurde bereits nach 20 Tagen im noch jungen Erfolgsjahr 2018 nach einer sehr \u00fcberzeugenden Mannschaftsleistung bereits der zweite Hallen-Turniersieg in Stei\u00dflingen eingefahren. Nach f\u00fcnf erfolglosen Versuchen von unserem ehrenwerten und liebenswerten, aber auch in dieser Hinsicht erfolglosen Pate des Steisslinger Hallenturniers \u201eDufi\u201c war die Zeit reif f\u00fcr einen Wechsel auf dieser Position. Denn Adi hatte auch angek\u00fcndigt, solange in Stei\u00dflingen anzutreten, bis er den dort nicht vorhandenen Pokal endlich gewinnt. <\/span><span style=\"font-size: 10pt;\">Deshalb wurde nat\u00fcrlich vehement der neue erfolgreiche Interimscoach Chris-To f\u00fcr dieses Turnier gefordert. Nach langem \u00dcberlegen und einer starken Erk\u00e4ltung stimmte dieser nach etlichem Bedr\u00e4ngen von einigen Spielern dieser Aufgabe zu. Ihm musste dabei aber klar gewesen sein, dass nur der Turniersieg z\u00e4hlen w\u00fcrde.<\/span><\/span><\/p>\n<p><span style=\"font-family: tahoma, arial, helvetica, sans-serif; font-size: 10pt;\">Zur Taktik: Mit einem 2-2 System spielten wurde wieder ein Pressing gespielt, um das Spiel in die gegnerische H\u00e4lfte zu verlagern. Damit wurde den Gegnern nur sehr wenig Torchancen zugestanden. Selbst im Endspiel erspielten sich die Mannen vom FC09 schon fr\u00fchzeitig eine 3:0-F\u00fchrung heraus gegen eine sehr starke Radolfzeller Mannschaft.\u00a0<\/span><\/p>\n<p><span style=\"font-family: tahoma, arial, helvetica, sans-serif; font-size: 10pt;\">Adi war wieder ein sehr starker R\u00fcckhalt im Tor. Nach dem gro\u00dfen Triumph hat er seinen R\u00fccktritt f\u00fcr das Steisslinger Turnier ab 2019 angek\u00fcndigt. Adi\u2018s Worte: &#8222;Man sollte am H\u00f6hepunkt seiner Karriere den richtigen Schritt machen&#8220;. Endlich geschafft, Gl\u00fcckwunsch f\u00fcr sein Durchhalteverm\u00f6gen!<\/span><\/p>\n<p><span style=\"font-family: tahoma, arial, helvetica, sans-serif; font-size: 10pt;\">Rolf machte seine Abwehraufgaben ordentlich und spielte ein gutes Turnier. Er gl\u00e4nzte mit gutem Passspiel und seiner Ballsicherheit.<\/span><\/p>\n<p><span style=\"font-family: tahoma, arial, helvetica, sans-serif; font-size: 10pt;\">Daniel war kampfstark und brachte nach vorne starken Druck und erzielte ein wichtiges Tor im Halbfinale. Das Arbeiten gegen den Ball und die Umschaltbewegung waren seine St\u00e4rken.<\/span><\/p>\n<p><span style=\"font-family: tahoma, arial, helvetica, sans-serif; font-size: 10pt;\">K\u00fchne war wie immer der Taktgeber in der Abwehr und wichtige Zentrale im Spielaufbau mit perfektem Stellungsspiel. Seine legend\u00e4ren Vorst\u00f6\u00dfe brachten jeden Gegner in Bedr\u00e4ngnis.\u00a0<\/span><\/p>\n<p><span style=\"font-family: tahoma, arial, helvetica, sans-serif; font-size: 10pt;\">Sven spielte dieses Mal etwas offensiver, da er sein Talent auch als Linksau\u00dfen im Training immer wieder unter Beweis gestellt hat. <br \/><\/span><\/p>\n<p><span style=\"font-family: tahoma, arial, helvetica, sans-serif; font-size: 10pt;\">J\u00fcrgen spielte ein sehr gutes Turnier und setzte mit seinen Nadelstichen nach vorne immer wieder wichtige Akzente. Dank seiner Dynamik und endlich auch wieder besseren Kondition \u00fcberzeugte er auf ganzer Linie.<\/span><\/p>\n<p><span style=\"font-family: tahoma, arial, helvetica, sans-serif; font-size: 10pt;\">Fadil war sehr diszipliniert und hielt sich an alle Absprachen mit dem Trainer. Er steigerte sich von Spiel zu Spiel und schoss das wichtige 3:0 im Endspiel.\u00a0<\/span><\/p>\n<p><span style=\"font-family: tahoma, arial, helvetica, sans-serif; font-size: 10pt;\">Ivan war mit 6 Treffern und einer au\u00dfergew\u00f6hnlichen Leistung f\u00fcr den Interimscoach der beste Spieler des Turniers. Er spielte abwechselnd im Sturm und in der Abwehr &#8211; durch seine Zweikampfst\u00e4rke auf engstem Raum machte er beides brillant.<\/span><\/p>\n<p><span style=\"font-family: tahoma, arial, helvetica, sans-serif; font-size: 10pt;\">Alles in allem war dieser Sieg sehr \u00fcberzeugend und eine Folge der richtigen Taktik und der Disziplin. Jeder Spieler f\u00fcgte sich nahtlos in seine Rolle ein. Das gesamte Turnier, bis auf das unwichtige Vorrundenspiel gegen Grossch\u00f6nach, war eine souver\u00e4ne Mannschaftsleistung. Der Turniersieg war in keiner Phase des Spiels und des gesamten Turnierverlaufs in Gefahr!<\/span><\/p>\n<p><span style=\"font-family: verdana, geneva; font-size: 10pt;\"><span style=\"font-family: tahoma, arial, helvetica, sans-serif;\">(tcl \/ rl)<\/span><\/span><\/p>\n","protected":false},"excerpt":{"rendered":"<p>2018 22.07.2018 Wir fiebern der S\u00fcdeutschen Meisterschaft \u00dc40-2018 am 28.\/29.7.2018 in Aalen entgegen Im dritten Jahr in Folge treffen wir bei der S\u00fcdeutschen Meisterschaft auf den FC Bayern M\u00fcnchen. Am Spielort in Aalen k\u00e4mpfen wir mit den \u00dc40-Landesmeistern aus Bayern, Hessen (SV Erzhausen), Baden (SG Mingolsheim-Wiesental) und W\u00fcrttemberg (TSG Hofherrnweiler-Unterrombach \/\u00a0 Ausrichter) um den S\u00fcddeutschen [&hellip;]<\/p>\n","protected":false},"author":1,"featured_media":0,"comment_status":"open","ping_status":"open","sticky":false,"template":"","format":"standard","meta":{"ngg_post_thumbnail":0},"categories":[1],"tags":[],"_links":{"self":[{"href":"https:\/\/fc09ueberlingen.de\/index.php?rest_route=\/wp\/v2\/posts\/101"}],"collection":[{"href":"https:\/\/fc09ueberlingen.de\/index.php?rest_route=\/wp\/v2\/posts"}],"about":[{"href":"https:\/\/fc09ueberlingen.de\/index.php?rest_route=\/wp\/v2\/types\/post"}],"author":[{"embeddable":true,"href":"https:\/\/fc09ueberlingen.de\/index.php?rest_route=\/wp\/v2\/users\/1"}],"replies":[{"embeddable":true,"href":"https:\/\/fc09ueberlingen.de\/index.php?rest_route=%2Fwp%2Fv2%2Fcomments&post=101"}],"version-history":[{"count":0,"href":"https:\/\/fc09ueberlingen.de\/index.php?rest_route=\/wp\/v2\/posts\/101\/revisions"}],"wp:attachment":[{"href":"https:\/\/fc09ueberlingen.de\/index.php?rest_route=%2Fwp%2Fv2%2Fmedia&parent=101"}],"wp:term":[{"taxonomy":"category","embeddable":true,"href":"https:\/\/fc09ueberlingen.de\/index.php?rest_route=%2Fwp%2Fv2%2Fcategories&post=101"},{"taxonomy":"post_tag","embeddable":true,"href":"https:\/\/fc09ueberlingen.de\/index.php?rest_route=%2Fwp%2Fv2%2Ftags&post=101"}],"curies":[{"name":"wp","href":"https:\/\/api.w.org\/{rel}","templated":true}]}}