{"id":110,"date":"2014-09-16T07:51:55","date_gmt":"2014-09-16T05:51:55","guid":{"rendered":"https:\/\/fc09ueberlingen.de\/?p=110"},"modified":"2014-09-16T07:51:55","modified_gmt":"2014-09-16T05:51:55","slug":"aktuelles-d2","status":"publish","type":"post","link":"https:\/\/fc09ueberlingen.de\/?p=110","title":{"rendered":"D2-Junioren Aktuelles"},"content":{"rendered":"<p>Zumba Spezial mit Sabine<\/p>\n<p>12.09.15<\/p>\n<p>Nach intensiver Vorbereitung auf die neue Spielrunde organisierten wir uns ein Spezial-Training.<\/p>\n<p>Am Samstag Vormittag kamen auch Eltern, Geschwister und Gro\u00dfeltern zu unserem \u00dcberraschungstraining. Eingeladen hatte ich die Tanzp\u00e4dagogin Sabine Haggenm\u00fcller. Sie sollte uns beim Zumba etwas Abwechslung und vor allem Spa\u00df bereiten.<\/p>\n<p>Nach 90 min. waren auch alle geschafft und freuten sich nach kurzem auslaufen und leichten Dehnungs\u00fcbungen mit unserem Fitnesscoach Tuncay auf ein kleines Mittagessen. Bei Wienerle im Br\u00f6tle und Getr\u00e4nken erholten sich alle wieder.<\/p>\n<p>Karl hatte sogar noch Kuchen gebacken. Ein gelungener Vormittag.<\/p>\n<p>Nach der Mittagspause \u00fcbernahm Nedzad noch eine Technikeinheit.<\/p>\n<p>Danke noch mal an alle die mitgemacht haben und die flei\u00dfigen Helfer. Anke f\u00fcr die Organisation. Andi f\u00fcr die Musik und die vielen Fotos. Moritz und Sebi f\u00fcrs schneiden von Obst und Br\u00f6tchen. Und nat\u00fcrlich Sabine f\u00fcr ihr Klasse Training.<\/p>\n<p>Sicherlich auch mal f\u00fcr andere Mannschaften interessant.<\/p>\n<p>J\u00f6rg<\/p>\n<p>\u00a0<\/p>\n<p>\u00a0<\/p>\n","protected":false},"excerpt":{"rendered":"<p>Zumba Spezial mit Sabine 12.09.15 Nach intensiver Vorbereitung auf die neue Spielrunde organisierten wir uns ein Spezial-Training. Am Samstag Vormittag kamen auch Eltern, Geschwister und Gro\u00dfeltern zu unserem \u00dcberraschungstraining. Eingeladen hatte ich die Tanzp\u00e4dagogin Sabine Haggenm\u00fcller. Sie sollte uns beim Zumba etwas Abwechslung und vor allem Spa\u00df bereiten. Nach 90 min. waren auch alle geschafft [&hellip;]<\/p>\n","protected":false},"author":1,"featured_media":0,"comment_status":"open","ping_status":"open","sticky":false,"template":"","format":"standard","meta":{"ngg_post_thumbnail":0},"categories":[1],"tags":[],"_links":{"self":[{"href":"https:\/\/fc09ueberlingen.de\/index.php?rest_route=\/wp\/v2\/posts\/110"}],"collection":[{"href":"https:\/\/fc09ueberlingen.de\/index.php?rest_route=\/wp\/v2\/posts"}],"about":[{"href":"https:\/\/fc09ueberlingen.de\/index.php?rest_route=\/wp\/v2\/types\/post"}],"author":[{"embeddable":true,"href":"https:\/\/fc09ueberlingen.de\/index.php?rest_route=\/wp\/v2\/users\/1"}],"replies":[{"embeddable":true,"href":"https:\/\/fc09ueberlingen.de\/index.php?rest_route=%2Fwp%2Fv2%2Fcomments&post=110"}],"version-history":[{"count":0,"href":"https:\/\/fc09ueberlingen.de\/index.php?rest_route=\/wp\/v2\/posts\/110\/revisions"}],"wp:attachment":[{"href":"https:\/\/fc09ueberlingen.de\/index.php?rest_route=%2Fwp%2Fv2%2Fmedia&parent=110"}],"wp:term":[{"taxonomy":"category","embeddable":true,"href":"https:\/\/fc09ueberlingen.de\/index.php?rest_route=%2Fwp%2Fv2%2Fcategories&post=110"},{"taxonomy":"post_tag","embeddable":true,"href":"https:\/\/fc09ueberlingen.de\/index.php?rest_route=%2Fwp%2Fv2%2Ftags&post=110"}],"curies":[{"name":"wp","href":"https:\/\/api.w.org\/{rel}","templated":true}]}}