{"id":16,"date":"2014-07-25T12:11:31","date_gmt":"2014-07-25T10:11:31","guid":{"rendered":"https:\/\/fc09ueberlingen.de\/?p=16"},"modified":"2014-07-25T12:11:31","modified_gmt":"2014-07-25T10:11:31","slug":"2-mannschaft","status":"publish","type":"post","link":"https:\/\/fc09ueberlingen.de\/?p=16","title":{"rendered":"2. Mannschaft Kreisliga A Staffel 3"},"content":{"rendered":"<p><img src=\"images\/slider\/15.09.2017\/2. Mannschaft (Medium).jpg\" alt=\"\" \/><\/p>\n<p>hinterste Reihe (links nach rechts): Osman G\u00fcnd\u00fcz, Hasan G\u00f6rd\u00fck, Yusupha Camara, Patrick Gut<br \/>mittlerste Reihe: Carlo Kracheel, Yannis Kohler, Tommy Kelbing, Konstantinos Konstantinou, Alexander Renz, Co-Trainer Sylvain Fischer, Trainer Johannes Lange<br \/>vorderste Reihe: Valentin Claus, Said Haoufadi, Achim Friesenhagen, Paul Bischoff, Alagie Kebbeh<br \/>\u00a0<br \/> Es fehlen: Maximillian Heichele, Aaron Keller, Ayman El-Namla, Julian Fuhrmann<\/p>\n<p>\u00a0<\/p>\n<p>\u00a0<\/p>\n<div class=\"uk-grid uk-grid-divider\">\n<div class=\"uk-width-medium-1-4\">\n<p style=\"text-align: center;\"><img src=\"images\/slider\/Mannschaften\/2. Mannschaft Trainer_2016-17 Johannes Lange.JPG\" alt=\"\" \/><\/p>\n<p style=\"text-align: center;\">Johannes Lange (Trainer)<br \/>2. Mannschaft Herren<br \/>Mobile:\u00a00151\/22666635<br \/>\u00a0\u00a0Email: <a href=\"mailto:joey.lange@web.de\">joey.lange@web.de<\/a><\/p>\n<\/p><\/div>\n<div class=\"uk-width-medium-1-4\">\n<p style=\"text-align: center;\"><img src=\"images\/slider\/Mannschaften\/Trainer Damen -Sylvain Fischer.JPG\" alt=\"\" \/><\/p>\n<p style=\"text-align: center;\">Sylvain Fischer (Betreuer)<br \/>2. Mannschaft Herren<br \/>Mobile:\u00a0<br \/>\u00a0Email:<\/p>\n<\/p><\/div>\n<div class=\"uk-width-medium-1-4\">\n<p style=\"text-align: center;\">\u00a0<\/p>\n<\/p><\/div>\n<div class=\"uk-width-medium-1-4\">\n<p style=\"text-align: center;\">\u00a0<\/p>\n<\/p><\/div>\n<\/p><\/div>\n<div class=\"uk-grid uk-grid-divider\">\n<div class=\"uk-width-medium-1-4\">\n<p style=\"text-align: center;\">\u00a0<\/p>\n<\/p><\/div>\n<div class=\"uk-width-medium-1-4\">\n<p style=\"text-align: center;\">\u00a0<\/p>\n<\/p><\/div>\n<div class=\"uk-width-medium-1-4\">\n<p style=\"text-align: center;\">\u00a0<\/p>\n<\/p><\/div>\n<\/p><\/div>\n","protected":false},"excerpt":{"rendered":"<p>hinterste Reihe (links nach rechts): Osman G\u00fcnd\u00fcz, Hasan G\u00f6rd\u00fck, Yusupha Camara, Patrick Gutmittlerste Reihe: Carlo Kracheel, Yannis Kohler, Tommy Kelbing, Konstantinos Konstantinou, Alexander Renz, Co-Trainer Sylvain Fischer, Trainer Johannes Langevorderste Reihe: Valentin Claus, Said Haoufadi, Achim Friesenhagen, Paul Bischoff, Alagie Kebbeh\u00a0 Es fehlen: Maximillian Heichele, Aaron Keller, Ayman El-Namla, Julian Fuhrmann \u00a0 \u00a0 Johannes Lange [&hellip;]<\/p>\n","protected":false},"author":1,"featured_media":0,"comment_status":"open","ping_status":"open","sticky":false,"template":"","format":"standard","meta":{"ngg_post_thumbnail":0},"categories":[8],"tags":[],"_links":{"self":[{"href":"https:\/\/fc09ueberlingen.de\/index.php?rest_route=\/wp\/v2\/posts\/16"}],"collection":[{"href":"https:\/\/fc09ueberlingen.de\/index.php?rest_route=\/wp\/v2\/posts"}],"about":[{"href":"https:\/\/fc09ueberlingen.de\/index.php?rest_route=\/wp\/v2\/types\/post"}],"author":[{"embeddable":true,"href":"https:\/\/fc09ueberlingen.de\/index.php?rest_route=\/wp\/v2\/users\/1"}],"replies":[{"embeddable":true,"href":"https:\/\/fc09ueberlingen.de\/index.php?rest_route=%2Fwp%2Fv2%2Fcomments&post=16"}],"version-history":[{"count":0,"href":"https:\/\/fc09ueberlingen.de\/index.php?rest_route=\/wp\/v2\/posts\/16\/revisions"}],"wp:attachment":[{"href":"https:\/\/fc09ueberlingen.de\/index.php?rest_route=%2Fwp%2Fv2%2Fmedia&parent=16"}],"wp:term":[{"taxonomy":"category","embeddable":true,"href":"https:\/\/fc09ueberlingen.de\/index.php?rest_route=%2Fwp%2Fv2%2Fcategories&post=16"},{"taxonomy":"post_tag","embeddable":true,"href":"https:\/\/fc09ueberlingen.de\/index.php?rest_route=%2Fwp%2Fv2%2Ftags&post=16"}],"curies":[{"name":"wp","href":"https:\/\/api.w.org\/{rel}","templated":true}]}}