{"id":21,"date":"2014-07-25T12:46:58","date_gmt":"2014-07-25T10:46:58","guid":{"rendered":"https:\/\/fc09ueberlingen.de\/?p=21"},"modified":"2014-07-25T12:46:58","modified_gmt":"2014-07-25T10:46:58","slug":"vorstand","status":"publish","type":"post","link":"https:\/\/fc09ueberlingen.de\/?p=21","title":{"rendered":"Vorstand"},"content":{"rendered":"<p><img src=\"images\/slider\/04.10.2016\/Slider2\/Vorstand FC09.jpg\" alt=\"\" \/><\/p>\n<p>Von links nach rechts: Michael Friesenhagen (Jugendleiter), Klaus Pillebeit (1. Vorsitzender), G\u00fcnter Hornstein (2. Vorsitzender), Werner Schlossbauer (Schatzmeister)\u00a0<\/p>\n<p>\u00a0<\/p>\n<p>Wir sehen unseren FC als einen wesentlichen Bestandteil im gesellschaftlichen und kulturellen Leben in unserer sch\u00f6nen Stadt \u00dcberlingen, bei der wir uns f\u00fcr das stets sehr gute und aufmerksame Miteinander ausdr\u00fccklich bedanken wollen. Unserem Auftrag in \u00dcberlingen kommen wir gerne nach. Daf\u00fcr ben\u00f6tigen wir aber weiterhin ihre tatkr\u00e4ftige Unterst\u00fctzung als Mitglieder unseres FC, als engagierte Helfer f\u00fcr die vielf\u00e4ltigen Vereinsaufgaben und als Partner zur Finanzierung dieser in heutigen Zeiten gro\u00dfen Herausforderungen. Und nat\u00fcrlich freuen wir uns \u00fcber eine stets gro\u00dfe Zahl aktiver Sportler und unsere begeisterten Kinder und Jugendlichen im Verein.<\/p>\n<table style=\"width: 90%;\">\n<tbody>\n<tr>\n<td style=\"width: 3%;\">1. Vorsitzender:<\/td>\n<td style=\"width: 5%;\">Klaus Pillebeit<\/td>\n<td style=\"width: 5%;\">Telefon: 0 75 51 \/ 76 39<\/td>\n<td style=\"width: 5%;\">Mobil: 0 151 \/ 21 23 37 37<\/td>\n<\/tr>\n<tr>\n<td>2. Vorsitzender:<\/td>\n<td>G\u00fcnter Hornstein<\/td>\n<td>Telefon: 0 75 51 \/ 51 70<\/td>\n<td>Mobil: 0 171 \/ 52 86 46 3<\/td>\n<\/tr>\n<tr>\n<td>3. Schatzmeister:<\/td>\n<td>Werner Schlossbauer<\/td>\n<td>Telefon: 0 75 51 \/ 94 40 68<\/td>\n<td>Mobil: 0 160 | 12 00 14 1<\/td>\n<\/tr>\n<tr>\n<td>4. Jugendleiter:<\/td>\n<td>Michael Friesenhagen<\/td>\n<td>Telefon: 0 75 51 \/ 10 78<\/td>\n<td>Mobil: 0 175 \/ 27 12 16 7<\/td>\n<\/tr>\n<\/tbody>\n<\/table>\n<p>{loadmodule mymp3}<\/p>\n","protected":false},"excerpt":{"rendered":"<p>Von links nach rechts: Michael Friesenhagen (Jugendleiter), Klaus Pillebeit (1. Vorsitzender), G\u00fcnter Hornstein (2. Vorsitzender), Werner Schlossbauer (Schatzmeister)\u00a0 \u00a0 Wir sehen unseren FC als einen wesentlichen Bestandteil im gesellschaftlichen und kulturellen Leben in unserer sch\u00f6nen Stadt \u00dcberlingen, bei der wir uns f\u00fcr das stets sehr gute und aufmerksame Miteinander ausdr\u00fccklich bedanken wollen. Unserem Auftrag in [&hellip;]<\/p>\n","protected":false},"author":1,"featured_media":0,"comment_status":"open","ping_status":"open","sticky":false,"template":"","format":"standard","meta":{"ngg_post_thumbnail":0},"categories":[1],"tags":[],"_links":{"self":[{"href":"https:\/\/fc09ueberlingen.de\/index.php?rest_route=\/wp\/v2\/posts\/21"}],"collection":[{"href":"https:\/\/fc09ueberlingen.de\/index.php?rest_route=\/wp\/v2\/posts"}],"about":[{"href":"https:\/\/fc09ueberlingen.de\/index.php?rest_route=\/wp\/v2\/types\/post"}],"author":[{"embeddable":true,"href":"https:\/\/fc09ueberlingen.de\/index.php?rest_route=\/wp\/v2\/users\/1"}],"replies":[{"embeddable":true,"href":"https:\/\/fc09ueberlingen.de\/index.php?rest_route=%2Fwp%2Fv2%2Fcomments&post=21"}],"version-history":[{"count":0,"href":"https:\/\/fc09ueberlingen.de\/index.php?rest_route=\/wp\/v2\/posts\/21\/revisions"}],"wp:attachment":[{"href":"https:\/\/fc09ueberlingen.de\/index.php?rest_route=%2Fwp%2Fv2%2Fmedia&parent=21"}],"wp:term":[{"taxonomy":"category","embeddable":true,"href":"https:\/\/fc09ueberlingen.de\/index.php?rest_route=%2Fwp%2Fv2%2Fcategories&post=21"},{"taxonomy":"post_tag","embeddable":true,"href":"https:\/\/fc09ueberlingen.de\/index.php?rest_route=%2Fwp%2Fv2%2Ftags&post=21"}],"curies":[{"name":"wp","href":"https:\/\/api.w.org\/{rel}","templated":true}]}}