{"id":219,"date":"2016-02-01T20:29:49","date_gmt":"2016-02-01T19:29:49","guid":{"rendered":"https:\/\/fc09ueberlingen.de\/?p=219"},"modified":"2016-02-01T20:29:49","modified_gmt":"2016-02-01T19:29:49","slug":"das-fc-vereinsheim-ist-neu-verpachtet","status":"publish","type":"post","link":"https:\/\/fc09ueberlingen.de\/?p=219","title":{"rendered":"Das FC Vereinsheim ist neu verpachtet!"},"content":{"rendered":"\n<p><img src=\"images\/slider\/10.10.2015\/neuer Wirt.jpg\" alt=\"\" \/><\/p>\n<p>Wir freuen uns, mit Anastasia Raptopoulou und ihrem Mann Stefanos das neue P\u00e4chterpaar f\u00fcr unser Vereinsheim begr\u00fc\u00dfen zu d\u00fcrfen. Ab 1.3. wird das Vereinsheim unter ihrer Regie wieder ge\u00f6ffnet sein. Herzlich willkommen beim FC 09!<\/p>\n","protected":false},"excerpt":{"rendered":"<p>Wir freuen uns, mit Anastasia Raptopoulou und ihrem Mann Stefanos das neue P\u00e4chterpaar f\u00fcr unser Vereinsheim begr\u00fc\u00dfen zu d\u00fcrfen. Ab 1.3. wird das Vereinsheim unter ihrer Regie wieder ge\u00f6ffnet sein. Herzlich willkommen beim FC 09!<\/p>\n","protected":false},"author":1,"featured_media":0,"comment_status":"open","ping_status":"open","sticky":false,"template":"","format":"standard","meta":{"ngg_post_thumbnail":0},"categories":[1],"tags":[],"_links":{"self":[{"href":"https:\/\/fc09ueberlingen.de\/index.php?rest_route=\/wp\/v2\/posts\/219"}],"collection":[{"href":"https:\/\/fc09ueberlingen.de\/index.php?rest_route=\/wp\/v2\/posts"}],"about":[{"href":"https:\/\/fc09ueberlingen.de\/index.php?rest_route=\/wp\/v2\/types\/post"}],"author":[{"embeddable":true,"href":"https:\/\/fc09ueberlingen.de\/index.php?rest_route=\/wp\/v2\/users\/1"}],"replies":[{"embeddable":true,"href":"https:\/\/fc09ueberlingen.de\/index.php?rest_route=%2Fwp%2Fv2%2Fcomments&post=219"}],"version-history":[{"count":0,"href":"https:\/\/fc09ueberlingen.de\/index.php?rest_route=\/wp\/v2\/posts\/219\/revisions"}],"wp:attachment":[{"href":"https:\/\/fc09ueberlingen.de\/index.php?rest_route=%2Fwp%2Fv2%2Fmedia&parent=219"}],"wp:term":[{"taxonomy":"category","embeddable":true,"href":"https:\/\/fc09ueberlingen.de\/index.php?rest_route=%2Fwp%2Fv2%2Fcategories&post=219"},{"taxonomy":"post_tag","embeddable":true,"href":"https:\/\/fc09ueberlingen.de\/index.php?rest_route=%2Fwp%2Fv2%2Ftags&post=219"}],"curies":[{"name":"wp","href":"https:\/\/api.w.org\/{rel}","templated":true}]}}