{"id":23,"date":"2014-07-25T12:55:14","date_gmt":"2014-07-25T10:55:14","guid":{"rendered":"https:\/\/fc09ueberlingen.de\/?p=23"},"modified":"2014-07-25T12:55:14","modified_gmt":"2014-07-25T10:55:14","slug":"stadion","status":"publish","type":"post","link":"https:\/\/fc09ueberlingen.de\/?p=23","title":{"rendered":"Stadion"},"content":{"rendered":"<p><strong>Sportgel\u00e4nde Alt-Birnau hei\u00dft jetzt Stadtwerk-am-See-Stadion<br \/> <\/strong><br \/> Nachdem der Vertrag mit dem bisherigen Sponsor TERRA-S abgelaufen ist, konnte<br \/> das am 1. Oktober gegr\u00fcndete Stadtwerk am See als neuer Namensgeber f\u00fcr die<br \/> Sportanlage in Alt-Birnau gefunden werden. Beim Heimspiel gegen den SV Worblingen erfolgt die offizielle Namens\u00fcbergabe. Rund um das Spiel konnten die Zuschauer ihr K\u00f6nnen an der Stadtwerk-am-See-Torwand unter Beweis stellen. In der Halbzeit wurden mehrere Tageskarten f\u00fcr die Bodenseetherme sowie ein Zeppelin-Flug verlost. Der FC 09 \u00dcberlingen freut sich auf die Zusammenarbeit mit dem Stadtwerk am See in den kommenden Jahren.<\/p>\n<p align=\"left\"><img src=\"images\/Mona_und_Faro.jpg\" alt=\"\" \/><br \/> Die beiden Stadtwerk am See Maskottchen Mona und Faro w\u00fcnschen dem FC 09 viel Gl\u00fcck.<\/p>\n<p align=\"left\"><span style=\"font-family: 'Verdana','sans-serif'; font-size: 9pt; mso-fareast-font-family: 'Times New Roman';\"><span style=\"color: #800000; font-family: Arial; font-size: medium;\"><span style=\"font-family: Arial;\"><span style=\"color: #000000; font-size: small;\"><img loading=\"lazy\" src=\"images\/Stadwerk_am_See_Siegerehrung.jpg\" alt=\"\" width=\"333\" height=\"250\" \/><\/span><\/span><\/span><\/span><\/p>\n<p align=\"left\">\u00a0<\/p>\n<p align=\"left\">\u00a0<\/p>\n<p align=\"left\"><span style=\"font-family: 'Verdana','sans-serif'; font-size: 9pt; mso-fareast-font-family: 'Times New Roman';\"><span style=\"color: #800000; font-family: Arial; font-size: medium;\"><span style=\"font-family: Arial;\"><span style=\"color: #000000; font-size: small;\">Der gl\u00fcckliche Gewinner des<br \/> Zeppelin-Flugs Andreas Harder<br \/> (Bildmitte) mit dem Gesch\u00e4ftsf\u00fchrer<\/span><\/span><\/span><\/span><span style=\"font-family: 'Verdana','sans-serif'; font-size: 9pt; mso-fareast-font-family: 'Times New Roman';\"><span style=\"color: #800000; font-family: Arial; font-size: medium;\"><span style=\"font-family: Arial;\"><span style=\"color: #000000; font-size: small;\"><br \/> des SW See Klaus Eder<br \/> sowie FC-Vorsitzendem<br \/> Klaus Pillebeit und<br \/> Stadionsprecher Michael Walser<br \/> <\/span><\/span><\/span><\/span><\/p>\n","protected":false},"excerpt":{"rendered":"<p>Sportgel\u00e4nde Alt-Birnau hei\u00dft jetzt Stadtwerk-am-See-Stadion Nachdem der Vertrag mit dem bisherigen Sponsor TERRA-S abgelaufen ist, konnte das am 1. Oktober gegr\u00fcndete Stadtwerk am See als neuer Namensgeber f\u00fcr die Sportanlage in Alt-Birnau gefunden werden. Beim Heimspiel gegen den SV Worblingen erfolgt die offizielle Namens\u00fcbergabe. Rund um das Spiel konnten die Zuschauer ihr K\u00f6nnen an der [&hellip;]<\/p>\n","protected":false},"author":1,"featured_media":0,"comment_status":"open","ping_status":"open","sticky":false,"template":"","format":"standard","meta":{"ngg_post_thumbnail":0},"categories":[1],"tags":[],"_links":{"self":[{"href":"https:\/\/fc09ueberlingen.de\/index.php?rest_route=\/wp\/v2\/posts\/23"}],"collection":[{"href":"https:\/\/fc09ueberlingen.de\/index.php?rest_route=\/wp\/v2\/posts"}],"about":[{"href":"https:\/\/fc09ueberlingen.de\/index.php?rest_route=\/wp\/v2\/types\/post"}],"author":[{"embeddable":true,"href":"https:\/\/fc09ueberlingen.de\/index.php?rest_route=\/wp\/v2\/users\/1"}],"replies":[{"embeddable":true,"href":"https:\/\/fc09ueberlingen.de\/index.php?rest_route=%2Fwp%2Fv2%2Fcomments&post=23"}],"version-history":[{"count":0,"href":"https:\/\/fc09ueberlingen.de\/index.php?rest_route=\/wp\/v2\/posts\/23\/revisions"}],"wp:attachment":[{"href":"https:\/\/fc09ueberlingen.de\/index.php?rest_route=%2Fwp%2Fv2%2Fmedia&parent=23"}],"wp:term":[{"taxonomy":"category","embeddable":true,"href":"https:\/\/fc09ueberlingen.de\/index.php?rest_route=%2Fwp%2Fv2%2Fcategories&post=23"},{"taxonomy":"post_tag","embeddable":true,"href":"https:\/\/fc09ueberlingen.de\/index.php?rest_route=%2Fwp%2Fv2%2Ftags&post=23"}],"curies":[{"name":"wp","href":"https:\/\/api.w.org\/{rel}","templated":true}]}}