{"id":24,"date":"2014-07-25T12:58:41","date_gmt":"2014-07-25T10:58:41","guid":{"rendered":"https:\/\/fc09ueberlingen.de\/?p=24"},"modified":"2014-07-25T12:58:41","modified_gmt":"2014-07-25T10:58:41","slug":"impressum","status":"publish","type":"post","link":"https:\/\/fc09ueberlingen.de\/?p=24","title":{"rendered":"Impressum"},"content":{"rendered":"<h4 style=\"text-align: justify;\"><strong><img loading=\"lazy\" style=\"float: right;\" src=\"images\/logo_sc.png\" alt=\"fvlogo 3366cc\" width=\"158\" height=\"200\" \/>Fu\u00dfball-Club 09 \u00dcberlingen e.V.<\/strong><\/h4>\n<h6 style=\"text-align: justify;\"><strong>Gesch\u00e4ftsstelle <\/strong><\/h6>\n<p style=\"text-align: justify;\">Fu\u00dfball-Club 09 \u00dcberlingen e.V.<br \/><span style=\"font-size: small;\"><span style=\"font-size: 10pt;\">Postfach 101317<br \/> 88662 \u00dcberlingen<\/span><\/span><\/p>\n<p style=\"text-align: justify;\">Telefon: 07 55 1 &#8211; 53 67<br \/>E-Mail: <span id=\"cloak44655\"><a href=\"mailto:info@fc09ueberlingen.de\">info@fc09ueberlingen.de<\/a><\/span><br \/>Internet: <a href=\"https:\/\/fc09ueberlingen.de\/\">www.fc09ueberlingen.de<\/a><\/p>\n<h6 style=\"text-align: justify;\"><strong>Vereinsregister<\/strong><\/h6>\n<p style=\"text-align: justify;\">Nr. 17 Amtsgericht \u00dcberlingen<\/p>\n<h6 style=\"text-align: justify;\"><strong>Vorstand<\/strong><\/h6>\n<table style=\"width: 90%;\">\n<tbody>\n<tr>\n<td style=\"width: 3%;\">1. Vorsitzender:<\/td>\n<td style=\"width: 5%;\">Klaus Pillebeit<\/td>\n<td style=\"width: 5%;\">Telefon: 0 75 51 \/ 76 39\u00a0\u00a0\u00a0\u00a0\u00a0<\/td>\n<td style=\"width: 5%;\">Mobil: 0 151 \/ 21 23 37 37<\/td>\n<\/tr>\n<tr>\n<td>2. Vorsitzender:<\/td>\n<td>G\u00fcnter Hornstein<\/td>\n<td>Telefon: 0 75 51 \/ 51 70\u00a0\u00a0\u00a0\u00a0\u00a0\u00a0<\/td>\n<td>Mobil: 0 171 \/ 52 86 46 3<\/td>\n<\/tr>\n<tr>\n<td>3. Schatzmeister:<\/td>\n<td>Werner Schlossbauer<\/td>\n<td>Telefon: 0 75 51 \/ 94 40 68<\/td>\n<td>Mobil: 0 160 | 12 00 14 1<\/td>\n<\/tr>\n<tr>\n<td>4. Jugendleiter:<\/td>\n<td>Michael Friesenhagen<\/td>\n<td>Telefon: 0 75 51 \/ 10 78\u00a0\u00a0\u00a0\u00a0\u00a0\u00a0\u00a0<\/td>\n<td>Mobil: 0 175 \/ 27 12 16 7<\/td>\n<\/tr>\n<\/tbody>\n<\/table>\n<h6 style=\"text-align: justify;\"><strong>Stadionheft<\/strong><\/h6>\n<p style=\"text-align: justify;\">Horst B\u00f6rner<br \/>Bodanweg 53<br \/>88662 \u00dcberlingen <br \/>Privat: 0 75 51 \/ 53 53<span id=\"cloak19177\"><\/span><\/p>\n<h6 style=\"text-align: justify;\"><strong>Stadionsprecher:<\/strong><\/h6>\n<p style=\"text-align: justify;\">Michael Walser<br \/>Zum Hasel 3<br \/>88662 \u00dcberlingen <br \/>Privat: 0 75 51 \/ 66 87 8<\/p>\n<h6 style=\"text-align: justify;\"><strong>Presserechtlich verantwortlich:<\/strong><\/h6>\n<p style=\"text-align: justify;\">G\u00fcnter Hornstein <br \/>Zum Hasel 3<br \/>88662 \u00dcberlingen <br \/>Privat: 0 75 51 \/ 51 70<br \/>Mobil: 0 171 \/ 52 86 46 3<br \/><span id=\"cloak19177\"><a href=\"mailto:guenter.hornstein@web.de\">guenter.hornstein@web.de<\/a><\/span><\/p>\n<h6 style=\"text-align: justify;\"><strong>Platzwart:<\/strong><\/h6>\n<p style=\"text-align: justify;\">Patrick Thum <br \/>Mobil: 0 176 \/ 30 34 02 67<\/p>\n<h6 style=\"text-align: justify;\"><strong>Geb\u00e4udereinigungsfee:<\/strong><\/h6>\n<p style=\"text-align: justify;\">Petra Karrer<\/p>\n<h6 style=\"text-align: justify;\"><strong>Technik Geb\u00e4ude:<\/strong><\/h6>\n<p style=\"text-align: justify;\">Michael Friesenhagen<\/p>\n<h6 style=\"text-align: justify;\"><strong>Webmaster<\/strong><\/h6>\n<p>Stefan Kleebauer<br \/><span id=\"cloak6776\"><a href=\"mailto:stefan@kleebauer.org\">stefan@kleebauer.org<\/a><\/span><\/p>\n<h6 style=\"text-align: justify;\"><span class=\"normal\"><strong>Haftungsausschluss <\/strong><\/span><\/h6>\n<h6 style=\"text-align: justify;\"><strong>1. Inhalt des Onlineangebotes<\/strong><\/h6>\n<p style=\"text-align: justify;\">Der Autor \u00fcbernimmt keinerlei Gew\u00e4hr f\u00fcr die Aktualit\u00e4t, Korrektheit, Vollst\u00e4ndigkeit oder Qualit\u00e4t der bereitgestellten Informationen. Haftungsanspr\u00fcche gegen den Autor, welche sich auf Sch\u00e4den materieller oder ideeller Art beziehen, die durch die Nutzung oder Nichtnutzung der dargebotenen Informationen bzw. durch die Nutzung fehlerhafter und unvollst\u00e4ndiger Informationen verursacht wurden, sind grunds\u00e4tzlich ausgeschlossen, sofern seitens des Autors kein nachweislich vors\u00e4tzliches oder grob fahrl\u00e4ssiges Verschulden vorliegt. <br \/>Alle Angebote sind freibleibend und unverbindlich. Der Autor beh\u00e4lt es sich ausdr\u00fccklich vor, Teile der Seiten oder das gesamte Angebot ohne gesonderte Ank\u00fcndigung zu ver\u00e4ndern, zu erg\u00e4nzen, zu l\u00f6schen oder die Ver\u00f6ffentlichung zeitweise oder endg\u00fcltig einzustellen.<\/p>\n<h6 style=\"text-align: justify;\"><strong>2. Verweise und Links<\/strong><\/h6>\n<p style=\"text-align: justify;\">Bei direkten oder indirekten Verweisen auf fremde Internetseiten (&#8222;Links&#8220;), die au\u00dferhalb des Verantwortungsbereiches des Autors liegen, w\u00fcrde eine Haftungsverpflichtung ausschlie\u00dflich in dem Fall in Kraft treten, in dem der Autor von den Inhalten Kenntnis hat und es ihm technisch m\u00f6glich und zumutbar w\u00e4re, die Nutzung im Falle rechtswidriger Inhalte zu verhindern. <br \/>Der Autor erkl\u00e4rt hiermit ausdr\u00fccklich, dass zum Zeitpunkt der Linksetzung keine illegalen Inhalte auf den zu verlinkenden Seiten erkennbar waren. Auf die aktuelle und zuk\u00fcnftige Gestaltung, die Inhalte oder die Urheberschaft der gelinkten\/verkn\u00fcpften Seiten hat der Autor keinerlei Einfluss. Deshalb distanziert er sich hiermit ausdr\u00fccklich von allen Inhalten aller gelinkten \/verkn\u00fcpften Seiten, die nach der Linksetzung ver\u00e4ndert wurden. Diese Feststellung gilt f\u00fcr alle innerhalb des eigenen Internetangebotes gesetzten Links und Verweise sowie f\u00fcr Fremdeintr\u00e4ge in vom Autor eingerichteten G\u00e4steb\u00fcchern, Diskussionsforen und Mailinglisten. F\u00fcr illegale, fehlerhafte oder unvollst\u00e4ndige Inhalte und insbesondere f\u00fcr Sch\u00e4den, die aus der Nutzung oder Nichtnutzung solcherart dargebotener Informationen entstehen, haftet allein der Anbieter der Seite, auf welche verwiesen wurde, nicht derjenige, der \u00fcber Links auf die jeweilige Ver\u00f6ffentlichung lediglich verweist.<\/p>\n<h6 style=\"text-align: justify;\"><strong>3. Social Plugins<\/strong><\/h6>\n<p style=\"text-align: justify;\">Bestimmte Webseiten unter <a href=\"https:\/\/fc09ueberlingen.de\/\">www.fc09ueberlingen.de<\/a> enthalten sog. Social Plugins zu externen sozialen Netzwerken (z.B. &#8222;Facebook&#8220; von Facebook Inc., 1601 S. California Ave, Palo Alto, CA 94304, USA, &#8222;Twitter&#8220; von Twitter Inc., 795 Folsom St., Suite 600, San Francisco, CA 94107, USA., &#8222;+1&#8220; von Google Inc., 1600 Amphitheatre Parkway, Mountain View, CA 94043, USA etc.). Beim Aufruf einer Webseite mit einem Social Plugin kann es zu einer Verbindung zu den Servern des jeweiligen sozialen Netzwerks kommen, wobei der Nutzer es den sozialen Netzwerken wie z.B. Facebook, Google etc. erm\u00f6glicht, verschiedene Daten (z.B. neben Informationen \u00fcber den von Ihnen verwendeten Browser und das Betriebssystem Ihres Rechners auch Teile Ihrer IP-Adresse an Facebook; Uhrzeit und Datum des Besuchs der jeweiligen Webseite von <a href=\"https:\/\/fc09ueberlingen.de\/\">www.fc09ueberlingen.de<\/a> etc.) zu erheben. Der FC 09 \u00dcberlingen e.V. hat auf diese Datenerhebung keinen Einfluss. Informationen zur Datenerhebung und Nutzung der jeweiligen Netzwerke entnehmen Sie bitte den einschl\u00e4gigen Datenverwendungsrichtlinien der Netzwerkbetreiber [z.B. im Falle von Facebook<a href=\"http:\/\/www.facebook.com\/help\/?faq=17512\" target=\"_blank\"> www.facebook.com\/help\/?faq=17512<\/a> und <a href=\"http:\/\/www.facebook.com\/about\/privacy\/\" target=\"_blank\">www.facebook.com\/about\/privacy\/<\/a>; im Falle von Google den Datenschutzrichtlinien unter <a href=\"http:\/\/www.google.com\/intl\/en\/policies\/privacy\/\" target=\"_blank\">http:\/\/www.google.com\/intl\/en\/policies\/privacy\/<\/a>; im Falle von Twitter den einschl\u00e4gigen Datenschutzbestimmungen unter <a href=\"http:\/\/twitter.com\/privacy\" target=\"_blank\">http:\/\/twitter.com\/privacy<\/a>].<\/p>\n<h6 style=\"text-align: justify;\"><strong>4. Urheber- und Kennzeichenrecht<\/strong><\/h6>\n<p style=\"text-align: justify;\">Der Autor ist bestrebt, in allen Publikationen die Urheberrechte der verwendeten Grafiken, Tondokumente, Videosequenzen und Texte zu beachten, von ihm selbst erstellte Grafiken, Tondokumente, Videosequenzen und Texte zu nutzen oder auf lizenzfreie Grafiken, Tondokumente, Videosequenzen und Texte zur\u00fcckzugreifen. <br \/>Alle innerhalb des Internetangebotes genannten und ggf. durch Dritte gesch\u00fctzten Marken- und Warenzeichen unterliegen uneingeschr\u00e4nkt den Bestimmungen des jeweils g\u00fcltigen Kennzeichenrechts und den Besitzrechten der jeweiligen eingetragenen Eigent\u00fcmer. Allein aufgrund der blo\u00dfen Nennung ist nicht der Schlu\u00df zu ziehen, dass Markenzeichen nicht durch Rechte Dritter gesch\u00fctzt sind! Das Copyright f\u00fcr ver\u00f6ffentlichte, vom Autor selbst erstellte Objekte bleibt allein beim Autor der Seiten. Eine Vervielf\u00e4ltigung oder Verwendung solcher Grafiken, Tondokumente, Videosequenzen und Texte in anderen elektronischen oder gedruckten Publikationen ist ohne ausdr\u00fcckliche Zustimmung des Autors nicht gestattet.<\/p>\n<p style=\"text-align: justify;\">Auf den Seiten von <a href=\"https:\/\/fc09ueberlingen.de\/\">www.fc09ueberlingen.de<\/a> k\u00f6nnen\u00a0Fotos von Teilnehmern \u00f6ffentlicher Sportveranstaltungen enthalten sein. Sollten abgebildete Personen eine Ver\u00f6ffentlichung auf den Seiten von <a href=\"https:\/\/fc09ueberlingen.de\/\">www.fc09ueberlingen.de<\/a> nicht weiter w\u00fcnschen, werden betreffende Fotos nach schriftlicher Anfrage an den <span id=\"cloak27331\"><a title=\"Mail an Webmaster\" href=\"mailto:stefan@kleebauer.org\">Webmaster<\/a><\/span> selbstverst\u00e4ndlich umgehend entfernt.<\/p>\n<h6 style=\"text-align: justify;\"><strong>5. Rechtswirksamkeit dieses Haftungsausschlusses<\/strong><\/h6>\n<p style=\"text-align: justify;\">Dieser Haftungsausschluss ist als Teil des Internetangebotes zu betrachten, von dem aus auf diese Seite verwiesen wurde. Sofern Teile oder einzelne Formulierungen dieses Textes der geltenden Rechtslage nicht, nicht mehr oder nicht vollst\u00e4ndig entsprechen sollten, bleiben die \u00fcbrigen Teile des Dokumentes in ihrem Inhalt und ihrer G\u00fcltigkeit davon unber\u00fchrt.<\/p>\n<p>Website wird gehostet von <a href=\"http:\/\/www.plesk-reseller.de\">www.plesk-reseller.de<\/a><\/p>\n","protected":false},"excerpt":{"rendered":"<p>Fu\u00dfball-Club 09 \u00dcberlingen e.V. Gesch\u00e4ftsstelle Fu\u00dfball-Club 09 \u00dcberlingen e.V.Postfach 101317 88662 \u00dcberlingen Telefon: 07 55 1 &#8211; 53 67E-Mail: info@fc09ueberlingen.deInternet: www.fc09ueberlingen.de Vereinsregister Nr. 17 Amtsgericht \u00dcberlingen Vorstand 1. Vorsitzender: Klaus Pillebeit Telefon: 0 75 51 \/ 76 39\u00a0\u00a0\u00a0\u00a0\u00a0 Mobil: 0 151 \/ 21 23 37 37 2. Vorsitzender: G\u00fcnter Hornstein Telefon: 0 75 51 \/ [&hellip;]<\/p>\n","protected":false},"author":1,"featured_media":0,"comment_status":"open","ping_status":"open","sticky":false,"template":"","format":"standard","meta":{"ngg_post_thumbnail":0},"categories":[1],"tags":[],"_links":{"self":[{"href":"https:\/\/fc09ueberlingen.de\/index.php?rest_route=\/wp\/v2\/posts\/24"}],"collection":[{"href":"https:\/\/fc09ueberlingen.de\/index.php?rest_route=\/wp\/v2\/posts"}],"about":[{"href":"https:\/\/fc09ueberlingen.de\/index.php?rest_route=\/wp\/v2\/types\/post"}],"author":[{"embeddable":true,"href":"https:\/\/fc09ueberlingen.de\/index.php?rest_route=\/wp\/v2\/users\/1"}],"replies":[{"embeddable":true,"href":"https:\/\/fc09ueberlingen.de\/index.php?rest_route=%2Fwp%2Fv2%2Fcomments&post=24"}],"version-history":[{"count":0,"href":"https:\/\/fc09ueberlingen.de\/index.php?rest_route=\/wp\/v2\/posts\/24\/revisions"}],"wp:attachment":[{"href":"https:\/\/fc09ueberlingen.de\/index.php?rest_route=%2Fwp%2Fv2%2Fmedia&parent=24"}],"wp:term":[{"taxonomy":"category","embeddable":true,"href":"https:\/\/fc09ueberlingen.de\/index.php?rest_route=%2Fwp%2Fv2%2Fcategories&post=24"},{"taxonomy":"post_tag","embeddable":true,"href":"https:\/\/fc09ueberlingen.de\/index.php?rest_route=%2Fwp%2Fv2%2Ftags&post=24"}],"curies":[{"name":"wp","href":"https:\/\/api.w.org\/{rel}","templated":true}]}}