{"id":47,"date":"2014-07-31T18:16:58","date_gmt":"2014-07-31T16:16:58","guid":{"rendered":"https:\/\/fc09ueberlingen.de\/?p=47"},"modified":"2014-07-31T18:16:58","modified_gmt":"2014-07-31T16:16:58","slug":"2-mannschaft-aktuelles","status":"publish","type":"post","link":"https:\/\/fc09ueberlingen.de\/?p=47","title":{"rendered":"2. Mannschaft Aktuelles"},"content":{"rendered":"<p><img src=\"images\/slider\/10.01.2015\/2. Mannschaft2.PNG\" alt=\"\" \/><\/p>\n<p>Mit einem 4:1 Sieg im letzten Rundenspiel \u00a0gegen den TuS Immenstaad 2 besiegelt die 2. Mannschaft des FC 09 \u00dcberlingen ihren Meisterschaftstitel. Hierzu nochmals herzlichen Gl\u00fcckwunsch!<\/p>\n<p>\u00a0<\/p>\n<hr \/>\n<p>\u00a0<\/p>\n<p>Herzlichen Gl\u00fcckwunsch an unsere Zweite! Im Stile von Bayern M\u00fcnchen hat unsere zweite Mannschaft am letzten Wochenende die Meisterschaft und damit den sofortigen Wiederaufstieg in die Kreisliga A unter Dach und Fach gebracht. Nachdem am letzten Sonntag die Begegnung gegen den FC Uhldingen II abgesagt wurde, weil der Gegner auf die Austragung verzichtet hatte, konnte das Team um das Trainergespann Joe Lange und Carlo Kracheel, wie vor Wochenfrist Bayern M\u00fcnchen, sich von der Couch aus die Meisterschaft endg\u00fcltig sichern. Wer die beiden Trainer und die Mannschaft aber kennt, wei\u00df, dass damit die Saison noch nicht gelaufen ist. Jetzt wird mit vollem Ehrgeiz das n\u00e4chste Saisonziel ins Visier genommen. Die Saison ohne Punktverlust nach 22 Spielen zu beenden, so lautet jetzt die Devise f\u00fcr die letzten 4 ausstehenden Begegnungen. Es bleibt zu hoffen, dass nach den beiden Spielausf\u00e4llen wegen Nichtantreten der Gegner, unsere Mannschaft die Gelegenheit hat, ihr K\u00f6nnen unter Beweis zu stellen.<\/p>\n<p>Bereits am Fr., 8. Mai um 19.30 Uhr tritt der SV Bermatingen II hier in \u00dcberlingen an.<\/p>\n<p align=\"LEFT\">\u00a0<\/p>\n<p align=\"LEFT\">\u00a0<\/p>\n<hr \/>\n<p>\u00a0<\/p>\n<p>Die 2. Mannschaft FC 09 befindet sich\u00a0weiterhin unbeirrt auf Meisterschaftskurs. Nach dem hart umk\u00e4mpften, aber hoch verdienten 3:2 Sieg beim Tabellenzweiten FC Beuren-Weildorf gelang am letzten Samstag ein klarer 7:3 Sieg gegen die zweite Mannschaft des FC RW Salem. Dadurch blieb unser Team auch im 16. Saisonspiel verlustpunktfrei. Sollte diese Serie Fortbestand haben, kann die Mannschaft von Joe Lange und Carlo Kracheel sp\u00e4testens im n\u00e4chsten Ausw\u00e4rtsspiel am 3. Mai. beim FC Uhldingen die Meisterschaft und den sofortigen Wiederaufstieg klar machen. Wer aber den Ehrgeiz des Teams und seiner Trainer kennt, wei\u00df, dass man die Saison jetzt auch verlustpunktfrei zu Ende bringen m\u00f6chte. Dies w\u00e4re dann eine echte \u201eMeisterleistung\u201c. Im heutigen Spiel erwartet der FC 09 die zweite Mannschaft der SG Heiligenberg\/Illmensee. Sollte unser Team sich auf seine St\u00e4rken besinnen, sollte einem \u201eDreier\u201c nichts im Wege stehen.<\/p>\n","protected":false},"excerpt":{"rendered":"<p>Mit einem 4:1 Sieg im letzten Rundenspiel \u00a0gegen den TuS Immenstaad 2 besiegelt die 2. Mannschaft des FC 09 \u00dcberlingen ihren Meisterschaftstitel. Hierzu nochmals herzlichen Gl\u00fcckwunsch! \u00a0 \u00a0 Herzlichen Gl\u00fcckwunsch an unsere Zweite! Im Stile von Bayern M\u00fcnchen hat unsere zweite Mannschaft am letzten Wochenende die Meisterschaft und damit den sofortigen Wiederaufstieg in die Kreisliga [&hellip;]<\/p>\n","protected":false},"author":1,"featured_media":0,"comment_status":"open","ping_status":"open","sticky":false,"template":"","format":"standard","meta":{"ngg_post_thumbnail":0},"categories":[1],"tags":[],"_links":{"self":[{"href":"https:\/\/fc09ueberlingen.de\/index.php?rest_route=\/wp\/v2\/posts\/47"}],"collection":[{"href":"https:\/\/fc09ueberlingen.de\/index.php?rest_route=\/wp\/v2\/posts"}],"about":[{"href":"https:\/\/fc09ueberlingen.de\/index.php?rest_route=\/wp\/v2\/types\/post"}],"author":[{"embeddable":true,"href":"https:\/\/fc09ueberlingen.de\/index.php?rest_route=\/wp\/v2\/users\/1"}],"replies":[{"embeddable":true,"href":"https:\/\/fc09ueberlingen.de\/index.php?rest_route=%2Fwp%2Fv2%2Fcomments&post=47"}],"version-history":[{"count":0,"href":"https:\/\/fc09ueberlingen.de\/index.php?rest_route=\/wp\/v2\/posts\/47\/revisions"}],"wp:attachment":[{"href":"https:\/\/fc09ueberlingen.de\/index.php?rest_route=%2Fwp%2Fv2%2Fmedia&parent=47"}],"wp:term":[{"taxonomy":"category","embeddable":true,"href":"https:\/\/fc09ueberlingen.de\/index.php?rest_route=%2Fwp%2Fv2%2Fcategories&post=47"},{"taxonomy":"post_tag","embeddable":true,"href":"https:\/\/fc09ueberlingen.de\/index.php?rest_route=%2Fwp%2Fv2%2Ftags&post=47"}],"curies":[{"name":"wp","href":"https:\/\/api.w.org\/{rel}","templated":true}]}}