{"id":5541,"date":"2019-03-01T20:14:06","date_gmt":"2019-03-01T19:14:06","guid":{"rendered":"https:\/\/fc09ueberlingen.de\/?p=5541"},"modified":"2019-03-01T20:14:08","modified_gmt":"2019-03-01T19:14:08","slug":"fc-ueberlingen-tsv-aach-linz-33-11","status":"publish","type":"post","link":"https:\/\/fc09ueberlingen.de\/?p=5541","title":{"rendered":"FC \u00dcberlingen &#8211; TSV Aach-Linz  3:3 (1:1)"},"content":{"rendered":"\n<p><\/p>\n\n\n\n<p>\u00dcber weite Strecken war in der Begegnung kein Klassenunterschied zu erkennen. In der ersten Halbzeit konnten sich die Gastgeber zwar eine optische Feld\u00fcberlegenheit erarbeiten, die kompakt stehende G\u00e4steabwehr lie\u00df aber nicht viel zu. Der F\u00fchrungstreffer entsprang einer sehenswerten Einzelleistung. Die aufger\u00fcckte \u00dcberlinger Hintermannschaft\u00a0war am Ausgleich nicht ganz unbeteiligt. Zu Beginn der zweiten Spielh\u00e4lfte dominierten die G\u00e4ste und nach dem schnellen R\u00fcckstand verlor \u00dcberlingen etwas den Faden, so dass Aach-Linz zu einem Zwei Tore Vorsprung kam. In der letzten halben Stunde konnte der FC das Spiel wieder an sich rei\u00dfen und es gelang noch das insgesamt leistungsgerechten Unentschieden(gh)<\/p>\n\n\n\n<p>Tore: 1:0 Patrick Sandhas (8.) 1:1 Rabe (19.) 1:2 Rabe (46.) 1:3 Eigentor (61.) 2:3 Daniel Sandhas (65.)  3:3 Kuczkowski (67.)<\/p>\n\n\n\n<p>SR.: J\u00e4ger\n(Orsingen-Nenzingen)&nbsp;<\/p>\n","protected":false},"excerpt":{"rendered":"<p>\u00dcber weite Strecken war in der Begegnung kein Klassenunterschied zu erkennen. In der ersten Halbzeit konnten sich die Gastgeber zwar eine optische Feld\u00fcberlegenheit erarbeiten, die kompakt stehende G\u00e4steabwehr lie\u00df aber nicht viel zu. Der F\u00fchrungstreffer entsprang einer sehenswerten Einzelleistung. Die aufger\u00fcckte \u00dcberlinger Hintermannschaft\u00a0war am Ausgleich nicht ganz unbeteiligt. Zu Beginn der zweiten Spielh\u00e4lfte dominierten die [&hellip;]<\/p>\n","protected":false},"author":2,"featured_media":0,"comment_status":"closed","ping_status":"closed","sticky":false,"template":"","format":"standard","meta":{"ngg_post_thumbnail":0},"categories":[16],"tags":[],"_links":{"self":[{"href":"https:\/\/fc09ueberlingen.de\/index.php?rest_route=\/wp\/v2\/posts\/5541"}],"collection":[{"href":"https:\/\/fc09ueberlingen.de\/index.php?rest_route=\/wp\/v2\/posts"}],"about":[{"href":"https:\/\/fc09ueberlingen.de\/index.php?rest_route=\/wp\/v2\/types\/post"}],"author":[{"embeddable":true,"href":"https:\/\/fc09ueberlingen.de\/index.php?rest_route=\/wp\/v2\/users\/2"}],"replies":[{"embeddable":true,"href":"https:\/\/fc09ueberlingen.de\/index.php?rest_route=%2Fwp%2Fv2%2Fcomments&post=5541"}],"version-history":[{"count":1,"href":"https:\/\/fc09ueberlingen.de\/index.php?rest_route=\/wp\/v2\/posts\/5541\/revisions"}],"predecessor-version":[{"id":5542,"href":"https:\/\/fc09ueberlingen.de\/index.php?rest_route=\/wp\/v2\/posts\/5541\/revisions\/5542"}],"wp:attachment":[{"href":"https:\/\/fc09ueberlingen.de\/index.php?rest_route=%2Fwp%2Fv2%2Fmedia&parent=5541"}],"wp:term":[{"taxonomy":"category","embeddable":true,"href":"https:\/\/fc09ueberlingen.de\/index.php?rest_route=%2Fwp%2Fv2%2Fcategories&post=5541"},{"taxonomy":"post_tag","embeddable":true,"href":"https:\/\/fc09ueberlingen.de\/index.php?rest_route=%2Fwp%2Fv2%2Ftags&post=5541"}],"curies":[{"name":"wp","href":"https:\/\/api.w.org\/{rel}","templated":true}]}}