{"id":5599,"date":"2019-04-13T18:30:36","date_gmt":"2019-04-13T16:30:36","guid":{"rendered":"https:\/\/fc09ueberlingen.de\/?p=5599"},"modified":"2019-04-13T18:30:38","modified_gmt":"2019-04-13T16:30:38","slug":"fc-ueberlingen-sv-denkingen-02-01","status":"publish","type":"post","link":"https:\/\/fc09ueberlingen.de\/?p=5599","title":{"rendered":"FC \u00dcberlingen  &#8211; SV Denkingen  0:2 (0:1)"},"content":{"rendered":"<p>Der FC begann die Partie sehr druckvoll und war von Anfang an \u00fcberlegen.<\/p>\n<p>Allerdings lie\u00df die kompakt stehende Denkinger Hintermannschaft zun\u00e4chst keine nennenswerte Torm\u00f6glichkeit zu. Beim ersten ernsthaften Angriff der G\u00e4ste lie\u00df sich Alexander Seitz in der 12. Minute die M\u00f6glichkeit,&nbsp;die sich ihm nach nach der Unentschlossenheit der \u00dcberlinger Hintermannschaft bot, nicht nehmen und erzielte die G\u00e4stef\u00fchrung. Auch nach diesem Gegentreffer \u00e4nderte sich an der optischen&nbsp;\u00dcberlinger Dominanz zun\u00e4chst nichts. Klare Torchancen waren aber weiterhin Mangelware. In der 31. Minute&nbsp;hatte der Denkinger Torwart Ingo Schw\u00e4gler M\u00fche einen Distanzschuss von Buzhghulasvilli aus dem&nbsp;Gew\u00fchl heraus zu parieren. In der Schlussphase der ersten Halbzeit konnte Denkingen die Begegnung etwas&nbsp;offener gestalten.<\/p>\n<p>In der zweiten Halbzeit bot sich das gleiche Bild. \u00dcberlingen versuchte mit viel Druck das Spiel&nbsp;zu drehen, die G\u00e4ste standen aber kompakt und blieben bei ihren wenigen Angriffen immer gef\u00e4hrlich.&nbsp;Als Jannik Gerlach in der 71. Minute im G\u00e4stestrafraum unsanft vom Ball getrennt wurde, hatte Marc Kuczkowski per&nbsp;Foulelfmeter die M\u00f6glichkeit zum Ausgleich. Schw\u00e4gler ahnte jedoch die Ecke und parierte. In der&nbsp;Schlussphase blieb \u00dcberlingen zwar weiterhin \u00fcberlegen, doch die Angriffe wurden zu unkonzentriert vorgetragen, so&nbsp; dass&nbsp;die nahezu fehlerfrei spielende Hintermannschaft nicht mehr ernsthaft in Gefahr gebracht werden konnte.<\/p>\n<p>In der Schlussminute schloss der kurz zuvor eingewechselte Michael Geiger einen Konter zum 2. G\u00e4stetreffer ab, der&nbsp;den insgesamt gl\u00fccklichen Sieg der clever aufspielenden G\u00e4ste endg\u00fcltig sicherte. (gh)<\/p>\n<p>Tore: 0:1 Seitz (12.) 0:2 Geiger (90.)<\/p>\n<p>SR.: Baidin (Villingen-Schwenningen)<\/p>\n<p>Z.: 200<\/p>\n","protected":false},"excerpt":{"rendered":"<p>Der FC begann die Partie sehr druckvoll und war von Anfang an \u00fcberlegen. Allerdings lie\u00df die kompakt stehende Denkinger Hintermannschaft zun\u00e4chst keine nennenswerte Torm\u00f6glichkeit zu. Beim ersten ernsthaften Angriff der G\u00e4ste lie\u00df sich Alexander Seitz in der 12. Minute die M\u00f6glichkeit,&nbsp;die sich ihm nach nach der Unentschlossenheit der \u00dcberlinger Hintermannschaft bot, nicht nehmen und erzielte [&hellip;]<\/p>\n","protected":false},"author":2,"featured_media":0,"comment_status":"closed","ping_status":"closed","sticky":false,"template":"","format":"standard","meta":{"ngg_post_thumbnail":0},"categories":[16],"tags":[],"_links":{"self":[{"href":"https:\/\/fc09ueberlingen.de\/index.php?rest_route=\/wp\/v2\/posts\/5599"}],"collection":[{"href":"https:\/\/fc09ueberlingen.de\/index.php?rest_route=\/wp\/v2\/posts"}],"about":[{"href":"https:\/\/fc09ueberlingen.de\/index.php?rest_route=\/wp\/v2\/types\/post"}],"author":[{"embeddable":true,"href":"https:\/\/fc09ueberlingen.de\/index.php?rest_route=\/wp\/v2\/users\/2"}],"replies":[{"embeddable":true,"href":"https:\/\/fc09ueberlingen.de\/index.php?rest_route=%2Fwp%2Fv2%2Fcomments&post=5599"}],"version-history":[{"count":1,"href":"https:\/\/fc09ueberlingen.de\/index.php?rest_route=\/wp\/v2\/posts\/5599\/revisions"}],"predecessor-version":[{"id":5600,"href":"https:\/\/fc09ueberlingen.de\/index.php?rest_route=\/wp\/v2\/posts\/5599\/revisions\/5600"}],"wp:attachment":[{"href":"https:\/\/fc09ueberlingen.de\/index.php?rest_route=%2Fwp%2Fv2%2Fmedia&parent=5599"}],"wp:term":[{"taxonomy":"category","embeddable":true,"href":"https:\/\/fc09ueberlingen.de\/index.php?rest_route=%2Fwp%2Fv2%2Fcategories&post=5599"},{"taxonomy":"post_tag","embeddable":true,"href":"https:\/\/fc09ueberlingen.de\/index.php?rest_route=%2Fwp%2Fv2%2Ftags&post=5599"}],"curies":[{"name":"wp","href":"https:\/\/api.w.org\/{rel}","templated":true}]}}