{"id":5794,"date":"2019-08-31T12:05:18","date_gmt":"2019-08-31T10:05:18","guid":{"rendered":"https:\/\/fc09ueberlingen.de\/?p=5794"},"modified":"2019-09-05T12:09:04","modified_gmt":"2019-09-05T10:09:04","slug":"fc-ueberlingen-fv-walbertsweiler-rengetsweiler-42-21","status":"publish","type":"post","link":"https:\/\/fc09ueberlingen.de\/?p=5794","title":{"rendered":"FC \u00dcberlingen &#8211; FV Walbertsweiler-Rengetsweiler 4:2 (2:1)"},"content":{"rendered":"<p>31.08.2019 FC \u00dcberlingen &#8211; FV Walbertsweiler-Rengetsweiler 4:2 (2:1)<\/p>\n<p>In der Anfangsphase war beiden Mannschaften die Verunsicherung nach ihrem mi\u00dflungenen Saisonstart anzumerken. \u00dcberlingen konnte sich zwar eine leichte Feld\u00fcberlegenheit erspielen, klare Torchancen ergaben sich aber zun\u00e4chst&nbsp;nicht. Die erste M\u00f6glichkeit bot sich dann auch den G\u00e4sten in der 11. Minute durch Dennis Hiller, der jedoch an&nbsp;FC-Torh\u00fcter Negrassus scheiterte. Praktisch im Gegenzug setzte Marc Kuczkowski Josua Keller in Szene.&nbsp;Dieser lie\u00df sich die Chance zum F\u00fchrungstreffer f\u00fcr die Gastgeber nicht nehmen. Nach diesem Treffer fand der FC etwas besser&nbsp;zu seinem Spiel, die G\u00e4ste blieben bei ihren Kontern aber weiter gef\u00e4hrlich. Einer dieser Konter schloss Fabian Roth in der 21. Minute zum Ausgleich ab. \u00dcberlingen zeigte sich aber nicht geschockt und setzte die G\u00e4steabwehr weiter&nbsp;unter Druck. In deer 32. Minute gelang Kuczkowski nach Zuspiel von Keller die erneute F\u00fchrung f\u00fcr den FC. Eine&nbsp;Schrecksekunde musste \u00dcberlingen in der 39. hinnehmen, als Torh\u00fcter Negrassus nach einem Zweikampf verletzt&nbsp;ausgewechselt werden musste. Nachwuchstorh\u00fcter Julian Hornstein zeigte in seinem ersten Landesligaspiel aber eine solide Leistung.<\/p>\n<p>In der zweiten Halbzeit bot sich den Zuschauern zun\u00e4chst eine hektische Begegnung. Die erste&nbsp;nennenswerten Chance war in der 60. Minute zu verzeichnen als ein Freisto\u00df von Patrick Sandhas f\u00fcr Verwirrung im&nbsp;G\u00e4stestrafraum sorgte. Den sch\u00f6nsten Angriff&nbsp;des Spiels sorgte f\u00fcr den dritten \u00dcberlinger Treffer. Jannick Gerlach&nbsp;brachte in der 72. Minute Keller uneigenn\u00fctz&nbsp;ins Spiel, dieser lie\u00df sich die M\u00f6glichkeit zu seinem zweiten Treffer nicht nehmen. WaRe gab aber nicht auf und versuchte dem Spiel noch eine Wende zu geben, ohne jedoch zu&nbsp;klaren M\u00f6glichkeiten zu kommen. In der 82. Minute setzte Patrick Sandhas nach Zuspiel von Tom \u00d6hler den Ball zum&nbsp;vierten \u00dcberlinger Treffer ins Dreieck des G\u00e4stetores. In der Schlussminute gelang Tobias Schumacher nach einem&nbsp;Eckball per Kopf noch der zweite Treffer f\u00fcr WaRe. Am verdienten ersten Saisonsieg der Gastgeber \u00e4nderte dies aber nichts&nbsp;mehr (gh)<\/p>\n<p>Tore: 1:0 Keller (12.) 1;1 Roth (21.) 2:1 Kuczkowski (32.) 3:1 Keller (72.) 4:1 P. Sandhas (82.) 4:2 Schumacher (90.)<\/p>\n<p>SR: Urte-Anna Waibel(M\u00fchlhausen-Ehingen) Z.: 180<\/p>\n","protected":false},"excerpt":{"rendered":"<p>31.08.2019 FC \u00dcberlingen &#8211; FV Walbertsweiler-Rengetsweiler 4:2 (2:1) In der Anfangsphase war beiden Mannschaften die Verunsicherung nach ihrem mi\u00dflungenen Saisonstart anzumerken. \u00dcberlingen konnte sich zwar eine leichte Feld\u00fcberlegenheit erspielen, klare Torchancen ergaben sich aber zun\u00e4chst&nbsp;nicht. Die erste M\u00f6glichkeit bot sich dann auch den G\u00e4sten in der 11. Minute durch Dennis Hiller, der jedoch an&nbsp;FC-Torh\u00fcter Negrassus [&hellip;]<\/p>\n","protected":false},"author":2,"featured_media":0,"comment_status":"closed","ping_status":"closed","sticky":false,"template":"","format":"standard","meta":{"ngg_post_thumbnail":0},"categories":[16],"tags":[],"_links":{"self":[{"href":"https:\/\/fc09ueberlingen.de\/index.php?rest_route=\/wp\/v2\/posts\/5794"}],"collection":[{"href":"https:\/\/fc09ueberlingen.de\/index.php?rest_route=\/wp\/v2\/posts"}],"about":[{"href":"https:\/\/fc09ueberlingen.de\/index.php?rest_route=\/wp\/v2\/types\/post"}],"author":[{"embeddable":true,"href":"https:\/\/fc09ueberlingen.de\/index.php?rest_route=\/wp\/v2\/users\/2"}],"replies":[{"embeddable":true,"href":"https:\/\/fc09ueberlingen.de\/index.php?rest_route=%2Fwp%2Fv2%2Fcomments&post=5794"}],"version-history":[{"count":1,"href":"https:\/\/fc09ueberlingen.de\/index.php?rest_route=\/wp\/v2\/posts\/5794\/revisions"}],"predecessor-version":[{"id":5795,"href":"https:\/\/fc09ueberlingen.de\/index.php?rest_route=\/wp\/v2\/posts\/5794\/revisions\/5795"}],"wp:attachment":[{"href":"https:\/\/fc09ueberlingen.de\/index.php?rest_route=%2Fwp%2Fv2%2Fmedia&parent=5794"}],"wp:term":[{"taxonomy":"category","embeddable":true,"href":"https:\/\/fc09ueberlingen.de\/index.php?rest_route=%2Fwp%2Fv2%2Fcategories&post=5794"},{"taxonomy":"post_tag","embeddable":true,"href":"https:\/\/fc09ueberlingen.de\/index.php?rest_route=%2Fwp%2Fv2%2Ftags&post=5794"}],"curies":[{"name":"wp","href":"https:\/\/api.w.org\/{rel}","templated":true}]}}