{"id":5879,"date":"2019-09-29T10:44:51","date_gmt":"2019-09-29T08:44:51","guid":{"rendered":"https:\/\/fc09ueberlingen.de\/?p=5879"},"modified":"2019-10-03T13:51:04","modified_gmt":"2019-10-03T11:51:04","slug":"fc-ueberlingen-fc-loeffingen-14-0-1","status":"publish","type":"post","link":"https:\/\/fc09ueberlingen.de\/?p=5879","title":{"rendered":"FC \u00dcberlingen &#8211; FC L\u00f6ffingen 1:4\u00a0 (0 :1)"},"content":{"rendered":"<p>Die G\u00e4ste hatten einen gl\u00fccklichen Start, als in der 6. Minute ein \u00dcberlinger Abwehrspieler einen L\u00f6ffinger Einwurf per Kopf unhaltbar ins eigene Tor lenkte. Die Gastgeber zeigten sich dadurch aber nicht geschockt und setzten die&nbsp;L\u00f6ffinger Abwehr unter Dauerdruck. Die erste klare M\u00f6glichkeit war aber erst in der 16. Minute zu verzeichnen als G\u00e4stetorh\u00fcter Dominik Osek M\u00fche hatte einen stramm geschossenen Freisto\u00df von Marc Kuczkowski zu parieren.&nbsp;In der 18. Minute verfehlte Alexander Welte aus aussichtsreicher Position das G\u00e4stetor nur knapp. Bis zum Halbzeitpfiff&nbsp;blieb \u00dcberlingen \u00fcberlegen, im Abschluss fehlte jedoch die letzte Konsequenz um zum Erfolg zu kommen.<\/p>\n<p>Die G\u00e4ste waren bei ihren schnellen Kontern immer gef\u00e4hrlich.&nbsp;Wunschgem\u00e4\u00df begann f\u00fcr \u00dcberlingen die zweite Halbzeit. In der 48. Minute konnte Osek einen Alleingang von Kuczkowski&nbsp;zun\u00e4chst noch stoppen, gegen den Nachschuss von Jannik Gerlach zum verdienten Ausgleich war er aber machtlos.&nbsp;In der 54. Minute hatte wiederum Gerlach die M\u00f6glichkeit zum \u00dcberlinger F\u00fchrungstreffer. V\u00f6llig freistehend scheiterte er jedoch an Osek. In der 58. Minute musste der \u00dcberlinger Torh\u00fcter Jan Negrassus gegen Kevin Hoheisel&nbsp;sein ganzes K\u00f6nnen aufbieten um nach einem Konter der G\u00e4ste einen L\u00f6ffinger Treffer zu verhindern.<\/p>\n<p>Wenig sp\u00e4ter rettete Marco Schwirtz nach einem Schuss des unmittelbar zuvor eingewechselten&nbsp;Simon Bock f\u00fcr den bereits geschlagenen Osek auf der Linie. In der Schlussphase entbl\u00f6ste \u00dcberlingen mehr und mehr seine Deckung um sich doch noch die drei Punkte zu sichern. Die cleveren G\u00e4ste nutzten dies gnadenlos&nbsp;aus und kamen innerhalb von drei Minuten, teilweise durch tatkr\u00e4ftige Unterst\u00fctzung der \u00dcberlinger Hintermannschaft, zu drei Treffern.<\/p>\n<p>Somit verhinderte einmal mehr die \u00dcberlinger Abschlussschw\u00e4che in einem \u00fcber weite Strecken \u00fcberlegen gef\u00fchrten Spiel einen Sieg. (gh)<\/p>\n<p>Tore: 0:1 Eigentor (6.) 1:1 Gerlach 48. 1:2 Gaudig (82.) 1:3 Koop (83.) 1:4 Koop (85.) Z.: 100<\/p>\n<p>SR.: Lombardo (Rheinfelden)<\/p>\n","protected":false},"excerpt":{"rendered":"<p>Die G\u00e4ste hatten einen gl\u00fccklichen Start, als in der 6. Minute ein \u00dcberlinger Abwehrspieler einen L\u00f6ffinger Einwurf per Kopf unhaltbar ins eigene Tor lenkte. Die Gastgeber zeigten sich dadurch aber nicht geschockt und setzten die&nbsp;L\u00f6ffinger Abwehr unter Dauerdruck. Die erste klare M\u00f6glichkeit war aber erst in der 16. Minute zu verzeichnen als G\u00e4stetorh\u00fcter Dominik Osek [&hellip;]<\/p>\n","protected":false},"author":2,"featured_media":0,"comment_status":"closed","ping_status":"closed","sticky":false,"template":"","format":"standard","meta":{"ngg_post_thumbnail":0},"categories":[16],"tags":[],"_links":{"self":[{"href":"https:\/\/fc09ueberlingen.de\/index.php?rest_route=\/wp\/v2\/posts\/5879"}],"collection":[{"href":"https:\/\/fc09ueberlingen.de\/index.php?rest_route=\/wp\/v2\/posts"}],"about":[{"href":"https:\/\/fc09ueberlingen.de\/index.php?rest_route=\/wp\/v2\/types\/post"}],"author":[{"embeddable":true,"href":"https:\/\/fc09ueberlingen.de\/index.php?rest_route=\/wp\/v2\/users\/2"}],"replies":[{"embeddable":true,"href":"https:\/\/fc09ueberlingen.de\/index.php?rest_route=%2Fwp%2Fv2%2Fcomments&post=5879"}],"version-history":[{"count":1,"href":"https:\/\/fc09ueberlingen.de\/index.php?rest_route=\/wp\/v2\/posts\/5879\/revisions"}],"predecessor-version":[{"id":5880,"href":"https:\/\/fc09ueberlingen.de\/index.php?rest_route=\/wp\/v2\/posts\/5879\/revisions\/5880"}],"wp:attachment":[{"href":"https:\/\/fc09ueberlingen.de\/index.php?rest_route=%2Fwp%2Fv2%2Fmedia&parent=5879"}],"wp:term":[{"taxonomy":"category","embeddable":true,"href":"https:\/\/fc09ueberlingen.de\/index.php?rest_route=%2Fwp%2Fv2%2Fcategories&post=5879"},{"taxonomy":"post_tag","embeddable":true,"href":"https:\/\/fc09ueberlingen.de\/index.php?rest_route=%2Fwp%2Fv2%2Ftags&post=5879"}],"curies":[{"name":"wp","href":"https:\/\/api.w.org\/{rel}","templated":true}]}}