{"id":5894,"date":"2019-10-12T11:40:06","date_gmt":"2019-10-12T09:40:06","guid":{"rendered":"https:\/\/fc09ueberlingen.de\/?p=5894"},"modified":"2019-11-03T11:42:40","modified_gmt":"2019-11-03T10:42:40","slug":"fc-ueberlingen-fc-villingen-ii-12-11-2","status":"publish","type":"post","link":"https:\/\/fc09ueberlingen.de\/?p=5894","title":{"rendered":"FC \u00dcberlingen &#8211; FC Villingen II 1:2   (1:1)"},"content":{"rendered":"<p>Die G\u00e4ste begannen die Partie sehr druckvoll, so dass \u00dcberlingen zun\u00e4chst mehr als gewollt in die&nbsp;Defensive gedr\u00e4ngt wurde. Die erste Chance f\u00fcr Villingen hatte Marcel Jerhof in der 12. Minute.&nbsp;Sein Schuss aus ausichtsreicher Position fand jedoch im \u00dcberlinger Torh\u00fcter Jan Negrassus seinen Meister. Mit zunehmer Spieldauer legten die Gastgeber ihren Respekt ab und kamen besser ins Spiel.&nbsp;Es bot sich nun bis zur Halbzeit eine offene und temporeiche Begegnung. Die erste M\u00f6glich f\u00fcr \u00dcberlingen hatteJannik Gerlach in der 20. Minute, er scheiterte jedoch nach einem sehenswerten Angriff am Villinger Torh\u00fcter Jannes Otte. Dieser musste eine Minute sp\u00e4ter nach einem Schuss von Marc Kuczkowski erneut sein ganzes K\u00f6nnen aufbieten um die \u00dcberlinger F\u00fchrungzu verhindern. In der 34. Minute war er allerdings machtlos, als Kuczkowski ein musterg\u00fcltiges Zuspiel von Gerlach unhaltbar zur \u00dcberlinger F\u00fchrung abschloss. Die Freude \u00fcber die F\u00fchrung w\u00e4hrte aber nicht lange. In der 39. Minuteverwandelte Kaltenbach mit einem musterg\u00fcltigen Kopfball eine Flanke zum Villinger Ausgleich.<\/p>\n<p>Unmittelbar nach dem Wiederanpfiff verhinderte G\u00e4stetorh\u00fcter Otte nach einen&nbsp;Schuss von Buzhghulasvili mit einer Glanzparade einen neuerlichen R\u00fcckstand seiner Mannschaft. Im weiteren&nbsp;Spielverlauf mussten beide Mannschaften offensichtlich dem hohen Tempo der ersten Halbzeit Tribut zollen.&nbsp;Die Zuschauer sahen nun eine ausgeglichene Begegnung, der allerdings die gro\u00dfen spielerischen H\u00f6hepunkte fehlten. In der Minute verhinderte Negrassus mit einer Glanzparade nach einem Kopfball von Fabio Chiurazzi einen&nbsp;Villinger Treffer. Bei der nahezu gleichen Situation lie\u00df sich Chiurazzi in der 85. Minute die M\u00f6glichkeit nicht nehmen und setzte den Ball per Kopf aus kurzer Distanz zum gl\u00fccklichen Sieg des Tabellenf\u00fchrers in die Maschen.(gh)<\/p>\n<p>Tore: 1:0 Kuczkowski (34.) 1:1 Kaltenbach (39.) 1:2 Chiurazzi (85.)<\/p>\n<p>Z.: 150<\/p>\n<p>SR.: Rinderknecht (Rottenburg am Neckar)<\/p>\n","protected":false},"excerpt":{"rendered":"<p>Die G\u00e4ste begannen die Partie sehr druckvoll, so dass \u00dcberlingen zun\u00e4chst mehr als gewollt in die&nbsp;Defensive gedr\u00e4ngt wurde. Die erste Chance f\u00fcr Villingen hatte Marcel Jerhof in der 12. Minute.&nbsp;Sein Schuss aus ausichtsreicher Position fand jedoch im \u00dcberlinger Torh\u00fcter Jan Negrassus seinen Meister. Mit zunehmer Spieldauer legten die Gastgeber ihren Respekt ab und kamen besser [&hellip;]<\/p>\n","protected":false},"author":2,"featured_media":0,"comment_status":"open","ping_status":"closed","sticky":false,"template":"","format":"standard","meta":{"ngg_post_thumbnail":0},"categories":[16],"tags":[],"_links":{"self":[{"href":"https:\/\/fc09ueberlingen.de\/index.php?rest_route=\/wp\/v2\/posts\/5894"}],"collection":[{"href":"https:\/\/fc09ueberlingen.de\/index.php?rest_route=\/wp\/v2\/posts"}],"about":[{"href":"https:\/\/fc09ueberlingen.de\/index.php?rest_route=\/wp\/v2\/types\/post"}],"author":[{"embeddable":true,"href":"https:\/\/fc09ueberlingen.de\/index.php?rest_route=\/wp\/v2\/users\/2"}],"replies":[{"embeddable":true,"href":"https:\/\/fc09ueberlingen.de\/index.php?rest_route=%2Fwp%2Fv2%2Fcomments&post=5894"}],"version-history":[{"count":1,"href":"https:\/\/fc09ueberlingen.de\/index.php?rest_route=\/wp\/v2\/posts\/5894\/revisions"}],"predecessor-version":[{"id":5895,"href":"https:\/\/fc09ueberlingen.de\/index.php?rest_route=\/wp\/v2\/posts\/5894\/revisions\/5895"}],"wp:attachment":[{"href":"https:\/\/fc09ueberlingen.de\/index.php?rest_route=%2Fwp%2Fv2%2Fmedia&parent=5894"}],"wp:term":[{"taxonomy":"category","embeddable":true,"href":"https:\/\/fc09ueberlingen.de\/index.php?rest_route=%2Fwp%2Fv2%2Fcategories&post=5894"},{"taxonomy":"post_tag","embeddable":true,"href":"https:\/\/fc09ueberlingen.de\/index.php?rest_route=%2Fwp%2Fv2%2Ftags&post=5894"}],"curies":[{"name":"wp","href":"https:\/\/api.w.org\/{rel}","templated":true}]}}