{"id":6203,"date":"2020-10-04T12:01:41","date_gmt":"2020-10-04T10:01:41","guid":{"rendered":"https:\/\/fc09ueberlingen.de\/?p=6203"},"modified":"2020-10-29T19:11:28","modified_gmt":"2020-10-29T18:11:28","slug":"fc-ueberlingen-fc-walbertsweiler-rengetsweiler-30-20","status":"publish","type":"post","link":"https:\/\/fc09ueberlingen.de\/?p=6203","title":{"rendered":"FC \u00dcberlingen &#8211; FC Walbertsweiler\/Rengetsweiler\u00a0 3:0\u00a0 (2:0)"},"content":{"rendered":"\n<p><\/p>\n\n\n<p>In der Anfangsphase machten die G\u00e4ste durch ihre offensive Spielweise deutlich, dass sie die Partie gewinnen wollten. In der 4. Minute hatte FC-Torh\u00fcter Maximilian Ritzler M\u00fche einen Freisto\u00df von Samuel&nbsp;Fischer an die Latte zu lenken. 5 Eckb\u00e4lle in den ersten 10 Spielminuten waren Beweis f\u00fcr das offensive Auftreten&nbsp;des Tabellenf\u00fchrers. Nach der Anfangsviertelstunde kam der FC zusehends besser ins Spiel und war nun feld\u00fcberlegen. Durch einen Flachschuss ins lange Eck gelang Josua Keller in der 17. Minute das 1:0. Mit einer Glanzparade&nbsp;verhinderte G\u00e4stetorh\u00fcter Nico Specker nach einem Schuss von Marc Kuczkowski in der 19. Minute den zweiten&nbsp;\u00dcberlinger Treffer. Dieser gelang Kuczkowski dann in der 34. Minute, als er nach einer Flanke von Jannick Gerlach&nbsp;den Ball per Kopf in die Maschen setzte. In der 38. Minute musste Adrian Strobel nach einem Foul&nbsp;als letzter Mann gegen den alleine aufs G\u00e4stetor zust\u00fcrmenden Kuczkowski mit gelb\/rot das Spielfeld verlassen.<\/p>\n<p>Die G\u00e4ste gaben aber auch in Unterzahl nicht auf und Ritzler verhinderte in der 39. Minute mit einem&nbsp;Reflex gegen den frei vor ihm auftauchenden Steffen Erbe den Anschlusstreffer.<\/p>\n<p>In der zweiten H\u00e4lfte verlor die bislang temporeiche Begegnung etwas an Klasse. Die G\u00e4ste bem\u00fchten sich&nbsp;weiterhin darum dem Spiel noch eine Wende zu geben, \u00dcberlingen schaltete einen Gang zur\u00fcck und spielte&nbsp;verst\u00e4rkt aus der Defensive. Nennenswerte Chancen boten sich WaRe aber nicht. Der FC hatte gegen die&nbsp;teilweise weit aufger\u00fcckte Hintermannschaft der G\u00e4ste einige Chancen um das Spiel vorzeitig zu entscheiden.&nbsp;Es dauerte aber bis zur 69. als Tom \u00d6hler ein sehenswertes Zuspiel von Andreas Romeo zum dritten \u00dcberlinger Treffer&nbsp;abschloss. Nach diesem Tor war die Moral der G\u00e4ste gebrochen und der FC hatte keine M\u00fche mehr das Ergebnis&nbsp;\u00fcber die Zeit zu bringen und sich damit an die Tabellenspitze zu setzen.(gh)<\/p>\n<p>Tore: 1:0 Keller (18.) 2:0 Kuczkowski (38.) 3:0 \u00d6hler (69.)<br>B.V.: gelb\/rot Strobel (38.)<br>SR.: Niggemeier (Villingen-Schwenningen)<br>Z.: 400<\/p>","protected":false},"excerpt":{"rendered":"<p>In der Anfangsphase machten die G\u00e4ste durch ihre offensive Spielweise deutlich, dass sie die Partie gewinnen wollten. In der 4. Minute hatte FC-Torh\u00fcter Maximilian Ritzler M\u00fche einen Freisto\u00df von Samuel&nbsp;Fischer an die Latte zu lenken. 5 Eckb\u00e4lle in den ersten 10 Spielminuten waren Beweis f\u00fcr das offensive Auftreten&nbsp;des Tabellenf\u00fchrers. Nach der Anfangsviertelstunde kam der FC [&hellip;]<\/p>\n","protected":false},"author":2,"featured_media":0,"comment_status":"open","ping_status":"closed","sticky":false,"template":"","format":"standard","meta":{"ngg_post_thumbnail":0},"categories":[16],"tags":[],"_links":{"self":[{"href":"https:\/\/fc09ueberlingen.de\/index.php?rest_route=\/wp\/v2\/posts\/6203"}],"collection":[{"href":"https:\/\/fc09ueberlingen.de\/index.php?rest_route=\/wp\/v2\/posts"}],"about":[{"href":"https:\/\/fc09ueberlingen.de\/index.php?rest_route=\/wp\/v2\/types\/post"}],"author":[{"embeddable":true,"href":"https:\/\/fc09ueberlingen.de\/index.php?rest_route=\/wp\/v2\/users\/2"}],"replies":[{"embeddable":true,"href":"https:\/\/fc09ueberlingen.de\/index.php?rest_route=%2Fwp%2Fv2%2Fcomments&post=6203"}],"version-history":[{"count":1,"href":"https:\/\/fc09ueberlingen.de\/index.php?rest_route=\/wp\/v2\/posts\/6203\/revisions"}],"predecessor-version":[{"id":6204,"href":"https:\/\/fc09ueberlingen.de\/index.php?rest_route=\/wp\/v2\/posts\/6203\/revisions\/6204"}],"wp:attachment":[{"href":"https:\/\/fc09ueberlingen.de\/index.php?rest_route=%2Fwp%2Fv2%2Fmedia&parent=6203"}],"wp:term":[{"taxonomy":"category","embeddable":true,"href":"https:\/\/fc09ueberlingen.de\/index.php?rest_route=%2Fwp%2Fv2%2Fcategories&post=6203"},{"taxonomy":"post_tag","embeddable":true,"href":"https:\/\/fc09ueberlingen.de\/index.php?rest_route=%2Fwp%2Fv2%2Ftags&post=6203"}],"curies":[{"name":"wp","href":"https:\/\/api.w.org\/{rel}","templated":true}]}}