{"id":6321,"date":"2021-08-29T11:37:39","date_gmt":"2021-08-29T09:37:39","guid":{"rendered":"https:\/\/fc09ueberlingen.de\/?p=6321"},"modified":"2021-09-14T22:23:05","modified_gmt":"2021-09-14T20:23:05","slug":"fc-ueberlingen-fc-gutmadingen-3-0-2-0","status":"publish","type":"post","link":"https:\/\/fc09ueberlingen.de\/?p=6321","title":{"rendered":"FC \u00dcberlingen &#8211; FC Gutmadingen 3 : 0 (2 : 0)"},"content":{"rendered":"<p>Die G\u00e4ste begannen die Partie \u00fcberraschend offensiv und setzten den Tabellenf\u00fchrer unter Druck. So stand in der Anfangsphase der \u00dcberlinger Torh\u00fcter Maximilian Ritzler, der mehrere brenzlige Situationen \u00fcberstehen musste, im Mittelpunkt des Geschehens. \u00dcberlingen&nbsp;kam zun\u00e4chst nur zu einigen Entlastungsangriffen. Bei einem dieser Angriffe nutzte Marc Kuczkowski ein Abstimmungsproblem der G\u00e4steabwehr zum \u00dcberlinger F\u00fchrungstreffer.<\/p>\n<p>In der 21. Minute verhinderte Michael F\u00f6rtsch den Ausgleich, als er in letzter Sekunde den&nbsp;einschussbereiten Dominik Maus entscheidend st\u00f6ren konnte. Den bis zu diesem Zeitpunkt&nbsp;sch\u00f6nsten Spielzug der Partie schloss Andre&#8216; Kohli in der 29. Minute nach Zuspiel von Tom \u00d6hler&nbsp;zum zweiten \u00dcberlinger Treffer ab. Die G\u00e4ste zeigten sich auch durch den R\u00fcckstand nicht beeindruckt und spielten weiter mutig nach vorne.&nbsp; Kurz vor dem Halbzeitpfiff musste Ritzler sein ganzes K\u00f6nnen&nbsp;aufbieten um nach einem Distanzschuss den Anschlusstreffer&nbsp;zu verhindern.<\/p>\n<p>In der zweiten Halbzeit musste Gutmadingen dem hohen Tempo der ersten Spielh\u00e4lfte etwas Tribut zollen. Als Jannik Gerlach in der 53. Minute durch einen Abpraller nach einem Eckball das 3:0 gelang war die&nbsp;Partie praktisch entschieden. Gutmadingen bem\u00fchte sich bis zum Schlusspfiff zwar noch um&nbsp;Ergebniskorrektur, ohne jedoch zu nennenswerten M\u00f6glichkeiten zu kommen. So blieb es beim&nbsp;\u00dcberlinger Sieg gegen einen starken Gegner, der in diesem Spiel unter Wert geschlagen&nbsp;wurde.&nbsp;(gh)<\/p>\n<p>Tore: 1:0 Kuczkowski (15.) 2:0 Kohli (29.) 3:0 Gerlach (53.)&nbsp;<br \/>\nZ.: 150<br \/>\nSR.: Schmidt (Haslach)<\/p>\n","protected":false},"excerpt":{"rendered":"<p>Die G\u00e4ste begannen die Partie \u00fcberraschend offensiv und setzten den Tabellenf\u00fchrer unter Druck. So stand in der Anfangsphase der \u00dcberlinger Torh\u00fcter Maximilian Ritzler, der mehrere brenzlige Situationen \u00fcberstehen musste, im Mittelpunkt des Geschehens. \u00dcberlingen&nbsp;kam zun\u00e4chst nur zu einigen Entlastungsangriffen. Bei einem dieser Angriffe nutzte Marc Kuczkowski ein Abstimmungsproblem der G\u00e4steabwehr zum \u00dcberlinger F\u00fchrungstreffer. In der [&hellip;]<\/p>\n","protected":false},"author":2,"featured_media":0,"comment_status":"open","ping_status":"closed","sticky":false,"template":"","format":"standard","meta":{"ngg_post_thumbnail":0},"categories":[16],"tags":[],"_links":{"self":[{"href":"https:\/\/fc09ueberlingen.de\/index.php?rest_route=\/wp\/v2\/posts\/6321"}],"collection":[{"href":"https:\/\/fc09ueberlingen.de\/index.php?rest_route=\/wp\/v2\/posts"}],"about":[{"href":"https:\/\/fc09ueberlingen.de\/index.php?rest_route=\/wp\/v2\/types\/post"}],"author":[{"embeddable":true,"href":"https:\/\/fc09ueberlingen.de\/index.php?rest_route=\/wp\/v2\/users\/2"}],"replies":[{"embeddable":true,"href":"https:\/\/fc09ueberlingen.de\/index.php?rest_route=%2Fwp%2Fv2%2Fcomments&post=6321"}],"version-history":[{"count":1,"href":"https:\/\/fc09ueberlingen.de\/index.php?rest_route=\/wp\/v2\/posts\/6321\/revisions"}],"predecessor-version":[{"id":6322,"href":"https:\/\/fc09ueberlingen.de\/index.php?rest_route=\/wp\/v2\/posts\/6321\/revisions\/6322"}],"wp:attachment":[{"href":"https:\/\/fc09ueberlingen.de\/index.php?rest_route=%2Fwp%2Fv2%2Fmedia&parent=6321"}],"wp:term":[{"taxonomy":"category","embeddable":true,"href":"https:\/\/fc09ueberlingen.de\/index.php?rest_route=%2Fwp%2Fv2%2Fcategories&post=6321"},{"taxonomy":"post_tag","embeddable":true,"href":"https:\/\/fc09ueberlingen.de\/index.php?rest_route=%2Fwp%2Fv2%2Ftags&post=6321"}],"curies":[{"name":"wp","href":"https:\/\/api.w.org\/{rel}","templated":true}]}}