{"id":6323,"date":"2021-08-14T11:40:00","date_gmt":"2021-08-14T09:40:00","guid":{"rendered":"https:\/\/fc09ueberlingen.de\/?p=6323"},"modified":"2021-08-29T11:43:35","modified_gmt":"2021-08-29T09:43:35","slug":"fc-ueberlingen-fc-schonach-31-1-0","status":"publish","type":"post","link":"https:\/\/fc09ueberlingen.de\/?p=6323","title":{"rendered":"FC \u00dcberlingen &#8211; FC Schonach  3:1  (1 :0 )"},"content":{"rendered":"<p>In einer&nbsp; Begegnung, die unter hochsommerlichen Temperaturen litt, hatten die&nbsp;Gastgeber den besseren Start. Bereits in der 8. Minute konnte sich Andreas Romeo im&nbsp;G\u00e4stestrafraum gegen mehrere Abwehrspieler durchsetzen und den F\u00fchrungstreffer&nbsp;erzielen. Nach diesem Treffer beherrschte der FC \u00dcberlingen zun\u00e4chst \u00fcber weite Strecken die Begegnung. Der erste nennenswerte Angriff der G\u00e4ste war in der 18. Minute zu verzeichnen,&nbsp;als der \u00dcberlinger Torh\u00fcter Maximilan Ritzler gegen Jonas Schneider sein ganzes K\u00f6nnen aufbieten musste um den Ausgleich zu verhindern. Bis zur Halbzeitpause boten sich dem FC 09 durch&nbsp;Andre\u00b4Kohli (29.), Tom \u00d6hler (37.) und Marc Kuczkowski (42.)&nbsp; drei Gro\u00dfchancen, die von Schonachs Torwart Benjamin Wolber aber vereitelt wurden.<\/p>\n<p>Nach dem Wiederanpfiff verst\u00e4rkten die G\u00e4ste ihre Angriffsbem\u00fchungen und dr\u00e4ngten die Gastgeber zusehends in die Defensive. Belohnt wurde dies durch den Ausgleich von Oliver&nbsp;Waldvogel, der einen sehenswerten Angriff erfolgreich abschloss. Nach diesem Weckruf&nbsp;kam \u00dcberlingen wieder besser ins Spiel und Kuczkowski konnte in der 65. Minute ein uneigenn\u00fctziges Abspiel von Josua Keller zum neuerlichen F\u00fchrungstreffer abschlie\u00dfen. Eine Minute sp\u00e4ter&nbsp;gelang Keller nach Zuspiel von Kohli der dritte \u00dcberlinger Treffer. Die G\u00e4ste waren bis zum Schluss noch um Ergebnisverbesserung bem\u00fcht, klare Torm\u00f6glichkeiten boten sich aber nicht&nbsp;mehr, so dass \u00dcberlingen den aufgrund der Vielzahl von Gro\u00dfchancen verdienten Sieg \u00fcber die&nbsp;Zeit brachte. (gh)<\/p>\n<p>Tore: 1:0 Romeo (8.) 1:1 Waldvogel (58.) 2:1 Kuczkowski (65.) 3:1 Keller (66.)<br \/>\nSR.: Rose (Rastatt)<br \/>\nZ.: 100<\/p>\n","protected":false},"excerpt":{"rendered":"<p>In einer&nbsp; Begegnung, die unter hochsommerlichen Temperaturen litt, hatten die&nbsp;Gastgeber den besseren Start. Bereits in der 8. Minute konnte sich Andreas Romeo im&nbsp;G\u00e4stestrafraum gegen mehrere Abwehrspieler durchsetzen und den F\u00fchrungstreffer&nbsp;erzielen. Nach diesem Treffer beherrschte der FC \u00dcberlingen zun\u00e4chst \u00fcber weite Strecken die Begegnung. Der erste nennenswerte Angriff der G\u00e4ste war in der 18. Minute zu [&hellip;]<\/p>\n","protected":false},"author":2,"featured_media":0,"comment_status":"open","ping_status":"closed","sticky":false,"template":"","format":"standard","meta":{"ngg_post_thumbnail":0},"categories":[16],"tags":[],"_links":{"self":[{"href":"https:\/\/fc09ueberlingen.de\/index.php?rest_route=\/wp\/v2\/posts\/6323"}],"collection":[{"href":"https:\/\/fc09ueberlingen.de\/index.php?rest_route=\/wp\/v2\/posts"}],"about":[{"href":"https:\/\/fc09ueberlingen.de\/index.php?rest_route=\/wp\/v2\/types\/post"}],"author":[{"embeddable":true,"href":"https:\/\/fc09ueberlingen.de\/index.php?rest_route=\/wp\/v2\/users\/2"}],"replies":[{"embeddable":true,"href":"https:\/\/fc09ueberlingen.de\/index.php?rest_route=%2Fwp%2Fv2%2Fcomments&post=6323"}],"version-history":[{"count":1,"href":"https:\/\/fc09ueberlingen.de\/index.php?rest_route=\/wp\/v2\/posts\/6323\/revisions"}],"predecessor-version":[{"id":6324,"href":"https:\/\/fc09ueberlingen.de\/index.php?rest_route=\/wp\/v2\/posts\/6323\/revisions\/6324"}],"wp:attachment":[{"href":"https:\/\/fc09ueberlingen.de\/index.php?rest_route=%2Fwp%2Fv2%2Fmedia&parent=6323"}],"wp:term":[{"taxonomy":"category","embeddable":true,"href":"https:\/\/fc09ueberlingen.de\/index.php?rest_route=%2Fwp%2Fv2%2Fcategories&post=6323"},{"taxonomy":"post_tag","embeddable":true,"href":"https:\/\/fc09ueberlingen.de\/index.php?rest_route=%2Fwp%2Fv2%2Ftags&post=6323"}],"curies":[{"name":"wp","href":"https:\/\/api.w.org\/{rel}","templated":true}]}}