{"id":6380,"date":"2021-10-08T22:20:29","date_gmt":"2021-10-08T20:20:29","guid":{"rendered":"https:\/\/fc09ueberlingen.de\/?p=6380"},"modified":"2021-10-08T22:20:30","modified_gmt":"2021-10-08T20:20:30","slug":"fc-ueberlingen-fv-walbertsweiler-rengetsweiler-2-2-1-1","status":"publish","type":"post","link":"https:\/\/fc09ueberlingen.de\/?p=6380","title":{"rendered":"FC \u00dcberlingen  &#8211; FV Walbertsweiler-Rengetsweiler  2 : 2  ( 1 : 1 )"},"content":{"rendered":"<p>In einem packenden Landesligaspiel musste der FC 09 im achten Saisonspiel seinen ersten Punktverlust hinnehmen. \u00dcberlingen fand zun\u00e4chst nicht zu seinem gewohnten Spiel.&nbsp;&nbsp;WaRe \u00fcberzeugte durch sein couragiertes&nbsp;Auftreten und brachte die \u00dcberlinger Hintermannschaft mehrfach in Bedr\u00e4ngnis. In der 16. Minute schloss Florian M\u00fcller einen sehenswerten Angriff zum F\u00fchrungstreffer der G\u00e4ste ab. Unmittelbar danach verpasste Marc&nbsp;Kuczkowski in aussichtsreicher Position den Ausgleich. Diesen verhinderte kurze Zeit sp\u00e4ter Daniel Glocker&nbsp;<br \/>\nals er nach einem Kopfball von Michael F\u00f6rtsch den Ball f\u00fcr seinen bereits geschlagenen Torh\u00fcter von der Linie&nbsp;holte. In der 41. und der 45. Minute vereitelte&nbsp;G\u00e4stetorh\u00fcter Nico Specker durch Glanzparaden gegen&nbsp;Kuczkowski und Josua Keller \u00dcberlinger Treffer. In der Nachspielzeit der ersten Halbzeit war es dann aber&nbsp;&nbsp;soweit. Nach einer un\u00fcbersichtlichen Situation reagierte Kuczkowski am schnellsten und dr\u00fcckte den Ball&nbsp;\u00fcber die Linie.<\/p>\n<p>Auch in der zweiten Halbzeit gefielen die G\u00e4ste durch ihre offensive Spielweise, welche die \u00dcberlinger Hintermannschaft weiterhin forderte. \u00dcberlingen kam zwar etwas besser ins Spiel die Begegnung blieb aber insgesamt ausgeglichen. Dem Tabellenf\u00fchrer gelang nach&nbsp;&nbsp;einer Ecke durch einen Kopfball der F\u00fchrungstreffe durch&nbsp;Keller. In der verbleibenden Spielzeit boten sich dem FC mehrere Chancen die M\u00f6glichkeit um das Spiel zu entscheiden. Den aufopferungsvoll k\u00e4mpfenden G\u00e4sten gelang aber kurz vor Spielschluss durch Fabian Roth&nbsp;der aufgrund des Spielverlaufs verdiente&nbsp;Ausgleichstreffer. (gh)<\/p>\n<p>Tore: 0:1 M\u00fcller (16.)&nbsp;1:1 Kuczkowski (45.) 2:1 Keller (60.) 2:2 Roth (88.)<\/p>\n<p>SR.: 250<\/p>\n<p>Z.: Pacher (Brigachtal)<\/p>\n","protected":false},"excerpt":{"rendered":"<p>In einem packenden Landesligaspiel musste der FC 09 im achten Saisonspiel seinen ersten Punktverlust hinnehmen. \u00dcberlingen fand zun\u00e4chst nicht zu seinem gewohnten Spiel.&nbsp;&nbsp;WaRe \u00fcberzeugte durch sein couragiertes&nbsp;Auftreten und brachte die \u00dcberlinger Hintermannschaft mehrfach in Bedr\u00e4ngnis. In der 16. Minute schloss Florian M\u00fcller einen sehenswerten Angriff zum F\u00fchrungstreffer der G\u00e4ste ab. Unmittelbar danach verpasste Marc&nbsp;Kuczkowski in [&hellip;]<\/p>\n","protected":false},"author":2,"featured_media":0,"comment_status":"open","ping_status":"closed","sticky":false,"template":"","format":"standard","meta":{"ngg_post_thumbnail":0},"categories":[16],"tags":[],"_links":{"self":[{"href":"https:\/\/fc09ueberlingen.de\/index.php?rest_route=\/wp\/v2\/posts\/6380"}],"collection":[{"href":"https:\/\/fc09ueberlingen.de\/index.php?rest_route=\/wp\/v2\/posts"}],"about":[{"href":"https:\/\/fc09ueberlingen.de\/index.php?rest_route=\/wp\/v2\/types\/post"}],"author":[{"embeddable":true,"href":"https:\/\/fc09ueberlingen.de\/index.php?rest_route=\/wp\/v2\/users\/2"}],"replies":[{"embeddable":true,"href":"https:\/\/fc09ueberlingen.de\/index.php?rest_route=%2Fwp%2Fv2%2Fcomments&post=6380"}],"version-history":[{"count":1,"href":"https:\/\/fc09ueberlingen.de\/index.php?rest_route=\/wp\/v2\/posts\/6380\/revisions"}],"predecessor-version":[{"id":6381,"href":"https:\/\/fc09ueberlingen.de\/index.php?rest_route=\/wp\/v2\/posts\/6380\/revisions\/6381"}],"wp:attachment":[{"href":"https:\/\/fc09ueberlingen.de\/index.php?rest_route=%2Fwp%2Fv2%2Fmedia&parent=6380"}],"wp:term":[{"taxonomy":"category","embeddable":true,"href":"https:\/\/fc09ueberlingen.de\/index.php?rest_route=%2Fwp%2Fv2%2Fcategories&post=6380"},{"taxonomy":"post_tag","embeddable":true,"href":"https:\/\/fc09ueberlingen.de\/index.php?rest_route=%2Fwp%2Fv2%2Ftags&post=6380"}],"curies":[{"name":"wp","href":"https:\/\/api.w.org\/{rel}","templated":true}]}}