{"id":6399,"date":"2021-10-10T13:25:15","date_gmt":"2021-10-10T11:25:15","guid":{"rendered":"https:\/\/fc09ueberlingen.de\/?p=6399"},"modified":"2021-10-29T18:53:00","modified_gmt":"2021-10-29T16:53:00","slug":"fc-ueberlingen-spvgg-f-a-l-0-2-0-0","status":"publish","type":"post","link":"https:\/\/fc09ueberlingen.de\/?p=6399","title":{"rendered":"FC \u00dcberlingen &#8211; Spvgg. F.A.L.  0 : 2   ( 0 : 0)"},"content":{"rendered":"<p>Beide Mannschaften begannen die Partie sehr offensiv, so dass die Zuschauer ein insbesondere in der&nbsp;Anfangsphase packendes und temporeiches Lokalderby sahen. In der 15. Minute musste FC-Torh\u00fcter Maximilian&nbsp;Ritzler sein ganzes K\u00f6nnen aufbieten um nach einem Schu\u00df von Jannik Karg die G\u00e4stef\u00fchrung zu verhindern. In der 25. Minute verpasste \u00dcberlingens Marcel Auer aus aussichtsreicher Position die M\u00f6glichkeit der F\u00fchrung&nbsp;f\u00fcr die Gastgeber. In der 29. Minute setzte Marc Kuczkowski Josua Keller in Szene, sein Abschluss landete jedoch am&nbsp;Pfosten des G\u00e4stetores.<\/p>\n<p>In der zweiten Halbzeit musste insbesondere der FC dem hohen Tempo der ersten Spielh\u00e4lfte Tribut zollen. Die Abspielfehler und Unkonzentriertheiten h\u00e4uften sich und brachten der Spvgg. immer mehr in Szene. In der 61. Minute nutzte Timo Senn die Unentschlossenheit der \u00dcberlinger Hintermannschaft und erzielte mit einem sehenswerten Distanzschuss die F\u00fchrung f\u00fcr F.A.L. In der Folgezeit bem\u00fchte sich der FC das&nbsp;Spiel wieder an sich zu ziehen, all zu viel wollte an diesem Tag aber nicht gelingen. Zu wenig durchschlagskr\u00e4ftig&nbsp;zeigte sich der \u00dcberlinger Angriff um die Hintermannschaft der G\u00e4ste ernsthaft in Gefahr zu bringen. In der 77.&nbsp;Minute setzte sich Robin Karg im Strafraum gegen nicht weniger als vier \u00dcberlinger Abwehrspieler durch und&nbsp;dr\u00fcckte den Ball zum zweiten G\u00e4stetreffer und damit zum verdienten Derbysieg \u00fcber die Linie.<\/p>\n<p>Somit ging F.A.L. auch im f\u00fcnften Ausw\u00e4rtsspiel der Saison als Sieger vom Platz, w\u00e4hrend es f\u00fcr den FC&nbsp;die erste Heimniederlage setzte. (gh)<\/p>\n<p>Tore: 0:1 Senn (61.) 0:2 Karg, R. (77.)<\/p>\n<p>Z.: 350<\/p>\n<p>SR.: Litterst (M\u00fchlhausen-Ehingen)<\/p>\n<p>&nbsp;<\/p>\n","protected":false},"excerpt":{"rendered":"<p>Beide Mannschaften begannen die Partie sehr offensiv, so dass die Zuschauer ein insbesondere in der&nbsp;Anfangsphase packendes und temporeiches Lokalderby sahen. In der 15. Minute musste FC-Torh\u00fcter Maximilian&nbsp;Ritzler sein ganzes K\u00f6nnen aufbieten um nach einem Schu\u00df von Jannik Karg die G\u00e4stef\u00fchrung zu verhindern. In der 25. Minute verpasste \u00dcberlingens Marcel Auer aus aussichtsreicher Position die M\u00f6glichkeit [&hellip;]<\/p>\n","protected":false},"author":2,"featured_media":0,"comment_status":"open","ping_status":"closed","sticky":false,"template":"","format":"standard","meta":{"ngg_post_thumbnail":0},"categories":[16],"tags":[],"_links":{"self":[{"href":"https:\/\/fc09ueberlingen.de\/index.php?rest_route=\/wp\/v2\/posts\/6399"}],"collection":[{"href":"https:\/\/fc09ueberlingen.de\/index.php?rest_route=\/wp\/v2\/posts"}],"about":[{"href":"https:\/\/fc09ueberlingen.de\/index.php?rest_route=\/wp\/v2\/types\/post"}],"author":[{"embeddable":true,"href":"https:\/\/fc09ueberlingen.de\/index.php?rest_route=\/wp\/v2\/users\/2"}],"replies":[{"embeddable":true,"href":"https:\/\/fc09ueberlingen.de\/index.php?rest_route=%2Fwp%2Fv2%2Fcomments&post=6399"}],"version-history":[{"count":1,"href":"https:\/\/fc09ueberlingen.de\/index.php?rest_route=\/wp\/v2\/posts\/6399\/revisions"}],"predecessor-version":[{"id":6400,"href":"https:\/\/fc09ueberlingen.de\/index.php?rest_route=\/wp\/v2\/posts\/6399\/revisions\/6400"}],"wp:attachment":[{"href":"https:\/\/fc09ueberlingen.de\/index.php?rest_route=%2Fwp%2Fv2%2Fmedia&parent=6399"}],"wp:term":[{"taxonomy":"category","embeddable":true,"href":"https:\/\/fc09ueberlingen.de\/index.php?rest_route=%2Fwp%2Fv2%2Fcategories&post=6399"},{"taxonomy":"post_tag","embeddable":true,"href":"https:\/\/fc09ueberlingen.de\/index.php?rest_route=%2Fwp%2Fv2%2Ftags&post=6399"}],"curies":[{"name":"wp","href":"https:\/\/api.w.org\/{rel}","templated":true}]}}