{"id":6503,"date":"2022-04-15T17:09:39","date_gmt":"2022-04-15T15:09:39","guid":{"rendered":"https:\/\/fc09ueberlingen.de\/?p=6503"},"modified":"2022-04-17T10:42:43","modified_gmt":"2022-04-17T08:42:43","slug":"fc-ueberlingen-sv-denkingen-4-0-2-0","status":"publish","type":"post","link":"https:\/\/fc09ueberlingen.de\/?p=6503","title":{"rendered":"FC \u00dcberlingen &#8211; SV Denkingen\u00a0 4 : 0 (2 : 0)"},"content":{"rendered":"<p>Der FC \u00dcberlingen startete angriffslustig in die Partie. In der 10. Minute gelang Joshua Keller<br \/>\nmit einem Distanzschu\u00df vom Strafraumeck der F\u00fchrungstreffer f\u00fcr die Einheimischen<br \/>\nIn der Folgezeit waren die Gastgeber feld\u00fcberlegen ohne jedoch zu weiteren&nbsp;Torchancen<br \/>\nzu kommen. Die erste nennenswerte M\u00f6glichkeit f\u00fcr die G\u00e4ste ergab sich in der 26. Minute<br \/>\nals in einer un\u00fcbersichtlichen Situation ein Schuss von Jonathan Schelke am Pfosten<br \/>\nlandete. Zwei Minuten sp\u00e4ter musste FC-Torh\u00fcter Maximilan Ritzler gegen Torsten Ruddies&nbsp;sein<br \/>\nganzes K\u00f6nnen aufbieten um den Ausgleich der G\u00e4ste zu verhindern. Danach bestimmte<br \/>\n\u00dcberlingen wieder das Spiel. In der 30. Minute knallte Marc Kuczkowski einen Freisto\u00df aus \u00fcber<br \/>\n20 Metern zum 2:0&nbsp;ins Dreieck des G\u00e4stetors.<br \/>\nZu Beginn der zweiten Spielh\u00e4lfte lie\u00dfen die G\u00e4ste durch ihre forsche Spielweise deutlich erkennen,<br \/>\ndass man die Partie keinesfalls schon abgeschrieben hatte. Die erste Chance hatte aber der FC als<br \/>\nKuczkowski in der 53. Minute aus kurzer Distanz das Tor verfehlte. Besser machte es dann Lukas<br \/>\nM\u00fcller, der in der 65. Minute einen musterg\u00fcltigen Angriff des FC zum 3:0 abschloss. Nach einem<br \/>\nFreisto\u00df von Daniel Sandhas, den G\u00e4stekeeper Patrick Rominger nur abklatschen konnte, hatte<br \/>\nTom \u00d6hler keine M\u00fche den Ball zum 4:0 Endstand einzuschieben. (gh)<\/p>\n<p>Tore: 1:0 Keller (10.) 2:0 Kuczkowski (30.) 3:0 M\u00fcller (65.) 4:0 \u00d6hler (79.)<br \/>\nSR.: Morat (Villingen-Schwenningen)<br \/>\nZ.: 120<\/p>\n","protected":false},"excerpt":{"rendered":"<p>Der FC \u00dcberlingen startete angriffslustig in die Partie. In der 10. Minute gelang Joshua Keller mit einem Distanzschu\u00df vom Strafraumeck der F\u00fchrungstreffer f\u00fcr die Einheimischen In der Folgezeit waren die Gastgeber feld\u00fcberlegen ohne jedoch zu weiteren&nbsp;Torchancen zu kommen. Die erste nennenswerte M\u00f6glichkeit f\u00fcr die G\u00e4ste ergab sich in der 26. Minute als in einer un\u00fcbersichtlichen [&hellip;]<\/p>\n","protected":false},"author":2,"featured_media":0,"comment_status":"open","ping_status":"closed","sticky":false,"template":"","format":"standard","meta":{"ngg_post_thumbnail":0},"categories":[16],"tags":[],"_links":{"self":[{"href":"https:\/\/fc09ueberlingen.de\/index.php?rest_route=\/wp\/v2\/posts\/6503"}],"collection":[{"href":"https:\/\/fc09ueberlingen.de\/index.php?rest_route=\/wp\/v2\/posts"}],"about":[{"href":"https:\/\/fc09ueberlingen.de\/index.php?rest_route=\/wp\/v2\/types\/post"}],"author":[{"embeddable":true,"href":"https:\/\/fc09ueberlingen.de\/index.php?rest_route=\/wp\/v2\/users\/2"}],"replies":[{"embeddable":true,"href":"https:\/\/fc09ueberlingen.de\/index.php?rest_route=%2Fwp%2Fv2%2Fcomments&post=6503"}],"version-history":[{"count":1,"href":"https:\/\/fc09ueberlingen.de\/index.php?rest_route=\/wp\/v2\/posts\/6503\/revisions"}],"predecessor-version":[{"id":6504,"href":"https:\/\/fc09ueberlingen.de\/index.php?rest_route=\/wp\/v2\/posts\/6503\/revisions\/6504"}],"wp:attachment":[{"href":"https:\/\/fc09ueberlingen.de\/index.php?rest_route=%2Fwp%2Fv2%2Fmedia&parent=6503"}],"wp:term":[{"taxonomy":"category","embeddable":true,"href":"https:\/\/fc09ueberlingen.de\/index.php?rest_route=%2Fwp%2Fv2%2Fcategories&post=6503"},{"taxonomy":"post_tag","embeddable":true,"href":"https:\/\/fc09ueberlingen.de\/index.php?rest_route=%2Fwp%2Fv2%2Ftags&post=6503"}],"curies":[{"name":"wp","href":"https:\/\/api.w.org\/{rel}","templated":true}]}}