{"id":6515,"date":"2022-05-08T09:11:14","date_gmt":"2022-05-08T07:11:14","guid":{"rendered":"https:\/\/fc09ueberlingen.de\/?p=6515"},"modified":"2022-05-20T18:14:41","modified_gmt":"2022-05-20T16:14:41","slug":"fc-ueberlingen-fc-neustadt-1-0-1-0","status":"publish","type":"post","link":"https:\/\/fc09ueberlingen.de\/?p=6515","title":{"rendered":"FC \u00dcberlingen &#8211; FC Neustadt\u00a0 1\u00a0:\u00a0 0\u00a0 \u00a0 (1 : 0)"},"content":{"rendered":"<p>Der FC \u00dcberlingen startete furios in der Partie. Unmittelbar nach dem Anspiel tauchte Marc Kuczkowski,<br \/>\nohne dass ein Neust\u00e4dter Spieler eine Ballber\u00fchrung hatte, alleine vor dem G\u00e4stetor auf. Sein Heber verfehlte das Ziel knapp. Besser machte er es in der 4. Minute, als er ein uneigenn\u00fctziges&nbsp;Zuspiel von Jannik Gerlach zum \u00dcberlinger F\u00fchrungstreffer abschloss. Die G\u00e4ste zeigten sich hiervon aber keinesfalls beeindruckt. In der Folgezeit hatte Neustadt zun\u00e4chst mehr vom Spiel und \u00fcberzeugte durch seine Spielanlage. Die gut positionierte \u00dcberlinger Hintermannschaft lie\u00df aber keine nennenswerte M\u00f6glichkeiten zu. Gegen&nbsp;Ende der ersten Halbzeit fanden die Gastgeber wieder besser in die Partie. Au\u00dfer einem Freisto\u00df in aussichtsreicher&nbsp;Distanz waren aber auch f\u00fcr die Gastgeber keine Chancen mehr zu verzeichnen.<\/p>\n<p>Die Anfangsphase der zweiten Halbzeit&nbsp;geh\u00f6rte wieder dem FC \u00dcberlingen. In der 50. Minute&nbsp; setzte sich Ramzi Temini gegen die komplette Neust\u00e4dter&nbsp;Hintermannschaft durch und brachte Kuczkowski in Szene. G\u00e4stetorh\u00fcter Manuel Werner konnte den Schuss gerade&nbsp;noch an die Latte lenken. Ein Kopfball von Joshua Keller verfehlte in der 65. Minute das G\u00e4stetor nur knapp. Ein&nbsp;weiterer Kopfball vom Kuczkowski landete in der 73. Minute im G\u00e4stetor, wegen einer vermeintlichen Abseitsstellung wurde dem&nbsp;Treffer die Anerkennung versagt. In der Schlussphase dr\u00e4ngte Neustadt mit aller Kraft auf den Ausgleich. Die gr\u00f6\u00dfte&nbsp;M\u00f6glichkeit hierzu hatte in der 82. Minute Sam Samma, dessen Lauf auf das Tor aber vom \u00dcberlinger Torh\u00fcter Maximilian Ritzler gestoppt wurde, so das es in einer guten Landesligabegegnung beim insgesamten&nbsp;verdienten Sieg der Gastgeber blieb.(gh)<\/p>\n<p>Tor: 1:0 Kuczkowski (4.)<br \/>\nSR: (Baran (Weil a.Rh.)<br \/>\nZ.: 150<\/p>\n","protected":false},"excerpt":{"rendered":"<p>Der FC \u00dcberlingen startete furios in der Partie. Unmittelbar nach dem Anspiel tauchte Marc Kuczkowski, ohne dass ein Neust\u00e4dter Spieler eine Ballber\u00fchrung hatte, alleine vor dem G\u00e4stetor auf. Sein Heber verfehlte das Ziel knapp. Besser machte er es in der 4. Minute, als er ein uneigenn\u00fctziges&nbsp;Zuspiel von Jannik Gerlach zum \u00dcberlinger F\u00fchrungstreffer abschloss. Die G\u00e4ste [&hellip;]<\/p>\n","protected":false},"author":2,"featured_media":0,"comment_status":"open","ping_status":"closed","sticky":false,"template":"","format":"standard","meta":{"ngg_post_thumbnail":0},"categories":[16],"tags":[],"_links":{"self":[{"href":"https:\/\/fc09ueberlingen.de\/index.php?rest_route=\/wp\/v2\/posts\/6515"}],"collection":[{"href":"https:\/\/fc09ueberlingen.de\/index.php?rest_route=\/wp\/v2\/posts"}],"about":[{"href":"https:\/\/fc09ueberlingen.de\/index.php?rest_route=\/wp\/v2\/types\/post"}],"author":[{"embeddable":true,"href":"https:\/\/fc09ueberlingen.de\/index.php?rest_route=\/wp\/v2\/users\/2"}],"replies":[{"embeddable":true,"href":"https:\/\/fc09ueberlingen.de\/index.php?rest_route=%2Fwp%2Fv2%2Fcomments&post=6515"}],"version-history":[{"count":1,"href":"https:\/\/fc09ueberlingen.de\/index.php?rest_route=\/wp\/v2\/posts\/6515\/revisions"}],"predecessor-version":[{"id":6516,"href":"https:\/\/fc09ueberlingen.de\/index.php?rest_route=\/wp\/v2\/posts\/6515\/revisions\/6516"}],"wp:attachment":[{"href":"https:\/\/fc09ueberlingen.de\/index.php?rest_route=%2Fwp%2Fv2%2Fmedia&parent=6515"}],"wp:term":[{"taxonomy":"category","embeddable":true,"href":"https:\/\/fc09ueberlingen.de\/index.php?rest_route=%2Fwp%2Fv2%2Fcategories&post=6515"},{"taxonomy":"post_tag","embeddable":true,"href":"https:\/\/fc09ueberlingen.de\/index.php?rest_route=%2Fwp%2Fv2%2Ftags&post=6515"}],"curies":[{"name":"wp","href":"https:\/\/api.w.org\/{rel}","templated":true}]}}