{"id":6524,"date":"2022-05-22T16:26:14","date_gmt":"2022-05-22T14:26:14","guid":{"rendered":"https:\/\/fc09ueberlingen.de\/?p=6524"},"modified":"2022-06-18T13:30:07","modified_gmt":"2022-06-18T11:30:07","slug":"fc-ueberlingen-fc-loeffingen-4-0-2-0","status":"publish","type":"post","link":"https:\/\/fc09ueberlingen.de\/?p=6524","title":{"rendered":"FC \u00dcberlingen &#8211; FC L\u00f6ffingen\u00a0 \u00a04 : 0\u00a0 ( 2 : 0 )"},"content":{"rendered":"<p>Der FC \u00dcberlingen war von Beginn an feld\u00fcberlegen. Die erste Chance bot sich Lukas M\u00fcller in der 8. Minute der&nbsp;nach gutem Zuspiel von Michael F\u00f6rtsch in aussichtsreicher Position aber den Ball \u00fcber das Tor setzte. Besser machte es&nbsp;zwei Minuten sp\u00e4ter Marc Kuczkowski, der ein Zuspiel von Joshua Keller zur F\u00fchrung der Gastgeber abschloss.<\/p>\n<p>Auch in der&nbsp; Folgezeit blieb \u00dcberlingen dominierend, lie\u00df jedoch die notwendige Konzentration vermissen um&nbsp;diese \u00dcberlegenheit in Tore umzusetzen. L\u00f6ffingen blieb im Angriff harmlos, lediglich ein Freisto\u00df in aussichtsreicher Position (31.)&nbsp;und ein Distanzschuss von Marco Kopp (34.) brachten Gefahr f\u00fcr das \u00dcberlinger Tor. In der 41. Minute stellte Kuczkwoski&nbsp;seine Torj\u00e4gerqualit\u00e4ten unter Beweis. In einer un\u00fcbersichtlichen Situation im L\u00f6ffinger Strafraum reagierte er am&nbsp;schnellsten und traf zum 2:0 Halbzeitstand.<\/p>\n<p>In der zweiten Spielh\u00e4lfte \u00e4nderte sich am Spielverlauf nichts. \u00dcberlingen war \u00fcberlegen, aber weiterhin zu&nbsp;unentschlossen um die Partie fr\u00fchzeitig zu entscheiden. Nachdem aber Kuczkowski in der 59. Minute die L\u00f6ffinger&nbsp;Abwehr ausspielte und zum 3:0 abschloss war die Begegnung gelaufen. Die G\u00e4ste konnten sich in der Folgezeit bei ihrem&nbsp;Torh\u00fcter Marcel Wetterer bedanken, dass sich nicht unter die R\u00e4der kamen. Mehrere \u00dcberlingen Chancen wurden von ihm pariert. L\u00f6ffinger Angriffe waren auch in der zweiten Halbzeit Mangelware. Einer dieser Angriffe&nbsp; f\u00fchrte aber in der&nbsp;<span style=\"color: initial;\">Minute zu&nbsp;einem Foulelfmeter, Tim Foos scheiterte jedoch am \u00dcberlinger Torh\u00fcter Maximilian Ritzler.<\/span><\/p>\n<p>Besser machte es dann in der&nbsp;89. Minute Kuczkowski, gegen dessen platzierten Elfmeter Wetterer keine Chance hatte.(gh)<\/p>\n<p>Tore: 1:0 (11.) 2:0 (42.) 3:0 (59.) 4:0 (89. FE) alle Kuczkowski<br \/>\nSR.: Klimm (Ottenh\u00f6fen)<br \/>\nZ.: 120<\/p>\n","protected":false},"excerpt":{"rendered":"<p>Der FC \u00dcberlingen war von Beginn an feld\u00fcberlegen. Die erste Chance bot sich Lukas M\u00fcller in der 8. Minute der&nbsp;nach gutem Zuspiel von Michael F\u00f6rtsch in aussichtsreicher Position aber den Ball \u00fcber das Tor setzte. Besser machte es&nbsp;zwei Minuten sp\u00e4ter Marc Kuczkowski, der ein Zuspiel von Joshua Keller zur F\u00fchrung der Gastgeber abschloss. Auch in [&hellip;]<\/p>\n","protected":false},"author":2,"featured_media":0,"comment_status":"open","ping_status":"closed","sticky":false,"template":"","format":"standard","meta":{"ngg_post_thumbnail":0},"categories":[16],"tags":[],"_links":{"self":[{"href":"https:\/\/fc09ueberlingen.de\/index.php?rest_route=\/wp\/v2\/posts\/6524"}],"collection":[{"href":"https:\/\/fc09ueberlingen.de\/index.php?rest_route=\/wp\/v2\/posts"}],"about":[{"href":"https:\/\/fc09ueberlingen.de\/index.php?rest_route=\/wp\/v2\/types\/post"}],"author":[{"embeddable":true,"href":"https:\/\/fc09ueberlingen.de\/index.php?rest_route=\/wp\/v2\/users\/2"}],"replies":[{"embeddable":true,"href":"https:\/\/fc09ueberlingen.de\/index.php?rest_route=%2Fwp%2Fv2%2Fcomments&post=6524"}],"version-history":[{"count":1,"href":"https:\/\/fc09ueberlingen.de\/index.php?rest_route=\/wp\/v2\/posts\/6524\/revisions"}],"predecessor-version":[{"id":6525,"href":"https:\/\/fc09ueberlingen.de\/index.php?rest_route=\/wp\/v2\/posts\/6524\/revisions\/6525"}],"wp:attachment":[{"href":"https:\/\/fc09ueberlingen.de\/index.php?rest_route=%2Fwp%2Fv2%2Fmedia&parent=6524"}],"wp:term":[{"taxonomy":"category","embeddable":true,"href":"https:\/\/fc09ueberlingen.de\/index.php?rest_route=%2Fwp%2Fv2%2Fcategories&post=6524"},{"taxonomy":"post_tag","embeddable":true,"href":"https:\/\/fc09ueberlingen.de\/index.php?rest_route=%2Fwp%2Fv2%2Ftags&post=6524"}],"curies":[{"name":"wp","href":"https:\/\/api.w.org\/{rel}","templated":true}]}}