{"id":6538,"date":"2022-06-06T19:42:00","date_gmt":"2022-06-06T17:42:00","guid":{"rendered":"https:\/\/fc09ueberlingen.de\/?p=6538"},"modified":"2022-06-18T13:29:36","modified_gmt":"2022-06-18T11:29:36","slug":"fc-ueberlingen-hegauer-fv-4-0-2-0","status":"publish","type":"post","link":"https:\/\/fc09ueberlingen.de\/?p=6538","title":{"rendered":"FC \u00dcberlingen &#8211; Hegauer FV\u00a0 \u00a04\u00a0:\u00a00\u00a0 ( 2 : 0)"},"content":{"rendered":"<p>Der FC \u00dcberlingen erspielte sich von Beginn an eine deutliche Feld\u00fcberlegenheit.&nbsp;In der 7. Minute konnte G\u00e4stetorh\u00fcter Rouven Meyer einen Schuss von Guiseppe Luici nur&nbsp;abklatschen, der Nachschuss von Tom \u00d6hler aus aussichtsreicher Position verpasste aber&nbsp;das G\u00e4stetor. Trotz deutlich mehr Spielanteilen waren f\u00fcr die Einheimischen gegen die gut gestaffelte Hintermannschaft der G\u00e4ste zun\u00e4chst keine klaren Torm\u00f6glichkeiten&nbsp;zu verzeichnen. Die Hegauer Angriffsbem\u00fchungen beschr\u00e4nkten sich auf wenige Entlastungsangriffe.&nbsp;Bei einem dieser Angriffe streifte der Ball in der 25. Minute nach einem Schu\u00df von Raffaelle Care die Latte des&nbsp;\u00dcberlinger Tors. In der 35. Minute gelang Jannik Gerlach nach einem sehenswerten Zuspiel von Patrick Sandhas der F\u00fchrungstreffer f\u00fcr den FC. In der 43. Minute erk\u00e4mpfte sich Gerlach den&nbsp;Ball im Mittelfeld, nach seinem Zuspiel auf Marc Kuczkowski lie\u00df&nbsp;sich dieser die Chance zum&nbsp;zweiten Treffer f\u00fcr den FC nicht nehmen.<br \/>\nIn der zweiten Halbzeit \u00e4nderte sich am Spielverlauf&nbsp;zun\u00e4chst wenig. \u00dcberlingen blieb \u00fcberlegen, konnte angesichts der sommerlichen&nbsp;&nbsp;Temperaturen&nbsp;das hohe Tempo der ersten Halbzeit aber nicht mehr halten. Hegau musste sich nach Torsch\u00fcssen von Gerlach (49.) und Andreas Romeo (53.) bei Torh\u00fcter Meyer bedanken, der mit zwei Glanzparaden daf\u00fcr sorgte,&nbsp;dass die Partie nicht vorzeitig entschieden war.<br \/>\nDer FV gab die Begegnung aber zu keinem Zeitpunkt verloren und konnte das Spiel mit zunehmender<br \/>\nSpieldauer etwas offener gestalten. In der 62. Minute verhinderte Daniel Sandhas mit einer artistischen<br \/>\nRettungsaktion auf der Torlinie f\u00fcr seinen schon geschlagenen Torh\u00fcter den Anschlusstreffer der G\u00e4ste. Die Schlussphase&nbsp;geh\u00f6rte aber wieder dem FC. Daniel Sandhas mit einem Foulelfmeter in der 79. Minute und Marc Kuczkowski mit einem Fallr\u00fcckzieher in der 86. Minute, sorgten f\u00fcr den 4:0 Endstand.&nbsp;(gh)<\/p>\n<p>Tore: 1:0 Gerlach (35.) 2:0 Kuckowski (43.) 3:0 D. Sandhas (77. FE) 4:0 Kuczkowski (86.)<br \/>\nSR.: Ebe (Friedrichshafen)<br \/>\nZ.: 250<\/p>\n","protected":false},"excerpt":{"rendered":"<p>Der FC \u00dcberlingen erspielte sich von Beginn an eine deutliche Feld\u00fcberlegenheit.&nbsp;In der 7. Minute konnte G\u00e4stetorh\u00fcter Rouven Meyer einen Schuss von Guiseppe Luici nur&nbsp;abklatschen, der Nachschuss von Tom \u00d6hler aus aussichtsreicher Position verpasste aber&nbsp;das G\u00e4stetor. Trotz deutlich mehr Spielanteilen waren f\u00fcr die Einheimischen gegen die gut gestaffelte Hintermannschaft der G\u00e4ste zun\u00e4chst keine klaren Torm\u00f6glichkeiten&nbsp;zu verzeichnen. [&hellip;]<\/p>\n","protected":false},"author":2,"featured_media":0,"comment_status":"open","ping_status":"closed","sticky":false,"template":"","format":"standard","meta":{"ngg_post_thumbnail":0},"categories":[16],"tags":[],"_links":{"self":[{"href":"https:\/\/fc09ueberlingen.de\/index.php?rest_route=\/wp\/v2\/posts\/6538"}],"collection":[{"href":"https:\/\/fc09ueberlingen.de\/index.php?rest_route=\/wp\/v2\/posts"}],"about":[{"href":"https:\/\/fc09ueberlingen.de\/index.php?rest_route=\/wp\/v2\/types\/post"}],"author":[{"embeddable":true,"href":"https:\/\/fc09ueberlingen.de\/index.php?rest_route=\/wp\/v2\/users\/2"}],"replies":[{"embeddable":true,"href":"https:\/\/fc09ueberlingen.de\/index.php?rest_route=%2Fwp%2Fv2%2Fcomments&post=6538"}],"version-history":[{"count":1,"href":"https:\/\/fc09ueberlingen.de\/index.php?rest_route=\/wp\/v2\/posts\/6538\/revisions"}],"predecessor-version":[{"id":6539,"href":"https:\/\/fc09ueberlingen.de\/index.php?rest_route=\/wp\/v2\/posts\/6538\/revisions\/6539"}],"wp:attachment":[{"href":"https:\/\/fc09ueberlingen.de\/index.php?rest_route=%2Fwp%2Fv2%2Fmedia&parent=6538"}],"wp:term":[{"taxonomy":"category","embeddable":true,"href":"https:\/\/fc09ueberlingen.de\/index.php?rest_route=%2Fwp%2Fv2%2Fcategories&post=6538"},{"taxonomy":"post_tag","embeddable":true,"href":"https:\/\/fc09ueberlingen.de\/index.php?rest_route=%2Fwp%2Fv2%2Ftags&post=6538"}],"curies":[{"name":"wp","href":"https:\/\/api.w.org\/{rel}","templated":true}]}}