{"id":66,"date":"2014-08-11T12:36:46","date_gmt":"2014-08-11T10:36:46","guid":{"rendered":"https:\/\/fc09ueberlingen.de\/?p=66"},"modified":"2014-08-11T12:36:46","modified_gmt":"2014-08-11T10:36:46","slug":"b-juniorinnen","status":"publish","type":"post","link":"https:\/\/fc09ueberlingen.de\/?p=66","title":{"rendered":"B-Juniorinnen"},"content":{"rendered":"<p><img src=\"images\/slider\/04.10.2016\/Slider2\/Mannschaft-17-18-3.jpg\" alt=\"\" \/><\/p>\n<p>\u00a0<\/p>\n<p><span style=\"color: #000000; font-family: Times New Roman; font-size: medium;\">Hintere Reihe v.r.n.l: Nina Heggelbacher, Jocelyne Armbruster, Lena Ahlering, Azamine Raka, Dicle Pekdogan, Zarah Ritter, Friederike B\u00e4cker<br \/><\/span><\/p>\n<p><span style=\"color: #000000; font-family: Times New Roman; font-size: medium;\">Vordere Reihe v.r.n.l: Nadja Linhard, Amrei Schneider, Amelie Dr\u00f6\u00dfel, Franziska Kitt, Nadine Wolfensperger, Alina Gut<br \/><\/span><\/p>\n<p><span style=\"color: #000000; font-family: Times New Roman; font-size: medium;\">es fehlt: Lisa Choinowski<\/span><\/p>\n<p><span style=\"color: #000000; font-family: Times New Roman; font-size: medium;\">\u00a0<\/span><\/p>\n<p><span style=\"color: #000000; font-family: Times New Roman; font-size: medium;\">\u00a0<\/span><\/p>\n<p>\u00a0<\/p>\n<div class=\"uk-width-medium-1-4\">\n<p style=\"text-align: center;\"><img src=\"images\/mannschaften\/F-Junioren Peter Ahlering_2016-17.jpg\" alt=\"\" \/><\/p>\n<p style=\"text-align: center;\">Peter Ahlering (Trainer)<br \/>\u00a0B-Juniorinnen<br \/>Mobile: 0173-689 2456\u00a0<br \/><a href=\"mailto:p.ahlering@acor.de\">p.ahlering@arcor.de<\/a><\/p>\n<\/p><\/div>\n<div class=\"uk-width-medium-1-4\">\n<p style=\"text-align: center;\">\u00a0<\/p>\n<\/p><\/div>\n<div class=\"uk-width-medium-1-4\">\n<p style=\"text-align: center;\">\u00a0<\/p>\n<\/p><\/div>\n<div class=\"uk-grid uk-grid-divider\">\n<div class=\"uk-width-medium-1-4\">\n<p style=\"text-align: center;\">\u00a0<\/p>\n<\/p><\/div>\n<div class=\"uk-width-medium-1-4\">\n<p style=\"text-align: center;\">\u00a0<\/p>\n<\/p><\/div>\n<div class=\"uk-width-medium-1-4\">\n<p style=\"text-align: center;\">\u00a0<\/p>\n<\/p><\/div>\n<\/p><\/div>\n","protected":false},"excerpt":{"rendered":"<p>\u00a0 Hintere Reihe v.r.n.l: Nina Heggelbacher, Jocelyne Armbruster, Lena Ahlering, Azamine Raka, Dicle Pekdogan, Zarah Ritter, Friederike B\u00e4cker Vordere Reihe v.r.n.l: Nadja Linhard, Amrei Schneider, Amelie Dr\u00f6\u00dfel, Franziska Kitt, Nadine Wolfensperger, Alina Gut es fehlt: Lisa Choinowski \u00a0 \u00a0 \u00a0 Peter Ahlering (Trainer)\u00a0B-JuniorinnenMobile: 0173-689 2456\u00a0p.ahlering@arcor.de \u00a0 \u00a0 \u00a0 \u00a0 \u00a0<\/p>\n","protected":false},"author":1,"featured_media":0,"comment_status":"open","ping_status":"open","sticky":false,"template":"","format":"standard","meta":{"ngg_post_thumbnail":0},"categories":[1],"tags":[],"_links":{"self":[{"href":"https:\/\/fc09ueberlingen.de\/index.php?rest_route=\/wp\/v2\/posts\/66"}],"collection":[{"href":"https:\/\/fc09ueberlingen.de\/index.php?rest_route=\/wp\/v2\/posts"}],"about":[{"href":"https:\/\/fc09ueberlingen.de\/index.php?rest_route=\/wp\/v2\/types\/post"}],"author":[{"embeddable":true,"href":"https:\/\/fc09ueberlingen.de\/index.php?rest_route=\/wp\/v2\/users\/1"}],"replies":[{"embeddable":true,"href":"https:\/\/fc09ueberlingen.de\/index.php?rest_route=%2Fwp%2Fv2%2Fcomments&post=66"}],"version-history":[{"count":0,"href":"https:\/\/fc09ueberlingen.de\/index.php?rest_route=\/wp\/v2\/posts\/66\/revisions"}],"wp:attachment":[{"href":"https:\/\/fc09ueberlingen.de\/index.php?rest_route=%2Fwp%2Fv2%2Fmedia&parent=66"}],"wp:term":[{"taxonomy":"category","embeddable":true,"href":"https:\/\/fc09ueberlingen.de\/index.php?rest_route=%2Fwp%2Fv2%2Fcategories&post=66"},{"taxonomy":"post_tag","embeddable":true,"href":"https:\/\/fc09ueberlingen.de\/index.php?rest_route=%2Fwp%2Fv2%2Ftags&post=66"}],"curies":[{"name":"wp","href":"https:\/\/api.w.org\/{rel}","templated":true}]}}