{"id":6634,"date":"2022-08-28T09:30:10","date_gmt":"2022-08-28T07:30:10","guid":{"rendered":"https:\/\/fc09ueberlingen.de\/?p=6634"},"modified":"2022-09-24T08:54:02","modified_gmt":"2022-09-24T06:54:02","slug":"fc-ueberlingen-hegeauer-fv-2-3-0-1","status":"publish","type":"post","link":"https:\/\/fc09ueberlingen.de\/?p=6634","title":{"rendered":"FC \u00dcberlingen &#8211; Hegeauer FV 2: 3 ( 0 : 1 )"},"content":{"rendered":"\n<p>Das Spiel hatte einen furiosen Auftakt. Bereits in der ersten Spielminute landete der Ball durch Marc Kuczkowski im G\u00e4stetor. Wegen einer vermeintlichen Abseitsstellung wurde dem Treffer jedoch die Anerkennung versagt. Praktisch im Gegenzug musste \u00dcberlingens Torh\u00fcter Maximilian Ritzler gegen den frei vor ihm auftauchenden Raffaele Care sein ganzes K\u00f6nnen aufbieten um den F\u00fchrungstreffer der G\u00e4ste zu verhindern. Im weiteren Spielverlauf war die Einheimischen \u00fcberlegen, hatten auch mehrere Chancen zum F\u00fchrungstreffer, die jedoch ungenutzt blieben. Die gr\u00f6\u00dfte M\u00f6glichkeit bot sich Kuczkowski in der 14. Minute, er setzte den Ball aus aussichtsreicher Position aber \u00fcbers Tor. Care hatte in der 26. Minute nach einem Fehler des \u00dcberlinger Torh\u00fcters die gro\u00dfe M\u00f6glichkeit zur G\u00e4stef\u00fchrung. G\u00e4stetorh\u00fcter Yannick B\u00fcche entsch\u00e4rfte in der 40. Minute mit einer Glanzparade einen sehenswerten Schuss von Jonas Heberle. In der 42. Minute verwandelte Care einen Foulelfmeter sicher zur Halbzeitf\u00fchrung f\u00fcr den Hegauer FV.&nbsp;<\/p>\n\n\n\n<p>In der zweite Halbzeit fanden die Gastgeber nicht mehr zu ihrem Spiel. Zwar war der FC weiterhin \u00fcberlegen, aber&nbsp;nennenswerte Torchancen waren Mangelware. Besser machten es die G\u00e4ste, als Kevin Kohler in der 56. Minute einen&nbsp;sehenswerten Angriff zum zweiten Hegauer Tor abschlo\u00df. Nachdem Care in der 63. Minute nach einem schulm\u00e4\u00dfig vorgetragenen Konter das 0:3 gelang, schien die Partie gelaufen. Guiseppe Luici lie\u00df \u00dcberlingen nach seinem Anschlusstreffer in der 67. Minute noch einmal hoffen. Unmittelbar danach gelang Kuczkowski das 2:3 und das Spiel wurde pl\u00f6tzlich wieder spannend. \u00dcberlingen war bis zum Schlusspfiff darum bem\u00fcht die Begegnung zu drehen. Unkonzentriertheiten und Abschlussschw\u00e4chen verhinderten gegen die gut gestaffelte Hintermannschaft der G\u00e4ste aber weitere Treffer. Der Hegauer FV&nbsp;brachte das Ergebnis nicht unverdient \u00fcber die Zeit und landete damit den ersten Saisonsieg. (gh)<br>Tore: 0:1 Care (42. FE) 0:2 Kevin Kohler (56.) 0:3 Care (63.) 1:3 Luici (67.) 2:3 Kuczkowski (68.)<br>SR.: Brunner (Triberg)<br>Z.: 130<\/p>\n","protected":false},"excerpt":{"rendered":"<p>Das Spiel hatte einen furiosen Auftakt. Bereits in der ersten Spielminute landete der Ball durch Marc Kuczkowski im G\u00e4stetor. Wegen einer vermeintlichen Abseitsstellung wurde dem Treffer jedoch die Anerkennung versagt. Praktisch im Gegenzug musste \u00dcberlingens Torh\u00fcter Maximilian Ritzler gegen den frei vor ihm auftauchenden Raffaele Care sein ganzes K\u00f6nnen aufbieten um den F\u00fchrungstreffer der G\u00e4ste [&hellip;]<\/p>\n","protected":false},"author":2,"featured_media":0,"comment_status":"open","ping_status":"closed","sticky":false,"template":"","format":"standard","meta":{"ngg_post_thumbnail":0},"categories":[16],"tags":[],"_links":{"self":[{"href":"https:\/\/fc09ueberlingen.de\/index.php?rest_route=\/wp\/v2\/posts\/6634"}],"collection":[{"href":"https:\/\/fc09ueberlingen.de\/index.php?rest_route=\/wp\/v2\/posts"}],"about":[{"href":"https:\/\/fc09ueberlingen.de\/index.php?rest_route=\/wp\/v2\/types\/post"}],"author":[{"embeddable":true,"href":"https:\/\/fc09ueberlingen.de\/index.php?rest_route=\/wp\/v2\/users\/2"}],"replies":[{"embeddable":true,"href":"https:\/\/fc09ueberlingen.de\/index.php?rest_route=%2Fwp%2Fv2%2Fcomments&post=6634"}],"version-history":[{"count":2,"href":"https:\/\/fc09ueberlingen.de\/index.php?rest_route=\/wp\/v2\/posts\/6634\/revisions"}],"predecessor-version":[{"id":6654,"href":"https:\/\/fc09ueberlingen.de\/index.php?rest_route=\/wp\/v2\/posts\/6634\/revisions\/6654"}],"wp:attachment":[{"href":"https:\/\/fc09ueberlingen.de\/index.php?rest_route=%2Fwp%2Fv2%2Fmedia&parent=6634"}],"wp:term":[{"taxonomy":"category","embeddable":true,"href":"https:\/\/fc09ueberlingen.de\/index.php?rest_route=%2Fwp%2Fv2%2Fcategories&post=6634"},{"taxonomy":"post_tag","embeddable":true,"href":"https:\/\/fc09ueberlingen.de\/index.php?rest_route=%2Fwp%2Fv2%2Ftags&post=6634"}],"curies":[{"name":"wp","href":"https:\/\/api.w.org\/{rel}","templated":true}]}}