{"id":6683,"date":"2022-10-29T21:28:00","date_gmt":"2022-10-29T19:28:00","guid":{"rendered":"https:\/\/fc09ueberlingen.de\/?p=6683"},"modified":"2022-11-11T21:29:35","modified_gmt":"2022-11-11T20:29:35","slug":"fc-ueberlingen-vfr-stockach-4-1-3-0","status":"publish","type":"post","link":"https:\/\/fc09ueberlingen.de\/?p=6683","title":{"rendered":"FC \u00dcberlingen &#8211; VfR Stockach\u00a0 \u00a04 : 1\u00a0 \u00a0( 3 : 0 )"},"content":{"rendered":"<p>Es entwickelte sich von Anfang an eine abwechslungsreiche Partie, der allerdings zun\u00e4chst die spielerischen&nbsp;H\u00f6hepunkte fehlten. Beide gut positionierten Abwehrreihen lie\u00dfen in der ersten halben Stunde&nbsp;keine nennenswerten M\u00f6glichkeiten zu. In der 31. Minute musste G\u00e4stetorh\u00fcter Lars Schuler gegen den&nbsp;frei vor ihm auftauchenden Jonas Heberle sein ganzes K\u00f6nnen aufbieten um die F\u00fchrung der Gastgeber&nbsp;zu verhindern. In der 37. Minute setzte Jonas Broeski mit einem sehenswerten Zuspiel Marc Kuczkowski&nbsp;in Szene, der sich diese M\u00f6glichkeit zum F\u00fchrungstreffer f\u00fcr den FC nicht entgehen lie\u00df.&nbsp;Unmittelbar danach tauchte Marius Henkel im \u00dcberlinger Strafraum auf. In einer gemeinsamen&nbsp;Abwehraktion verhinderten FC-Torh\u00fcter Maximilian Ritzler und Jannik Gerlach den Ausgleich.&nbsp;&nbsp;In der 44. Minute&nbsp;luchste&nbsp;Josua Keller einem Stockacher Abwehrspieler den Ball ab und setzte diesen zum 2:0 in die&nbsp;Maschen des G\u00e4stetors. Unmittelbar vor dem Halbzeitpfiff kam Jonas Stumpf durch die Nachl\u00e4ssigkeit eines&nbsp;Stockacher Abwehrspielers in Ballbesitz. Sein musterg\u00fcltiger&nbsp;Pa\u00df auf Jonas Heberle f\u00fchrte zum 3:0 Halbzeitstand.<\/p>\n<p>Zu Beginn der zweiten Halbzeit verhinderte Torh\u00fcter Schuler ein Debakel f\u00fcr seine Mannschaft.&nbsp; Nicht weniger als 5&nbsp;mal boten sich&nbsp;Kuczkowski (48.) Heberle (50.)&nbsp; Keller (49.\/56.) und Gerlach (68.) alleinstehend vor Schuler hochkar\u00e4tige M\u00f6glichkeiten, die dieser bravor\u00f6s&nbsp;abwehrte. Gegen eine sch\u00f6ne Einzelaktion von Kuczkowski nach Zuspiel von Keller war er in der 69. Minute dann aber machtlos. Nach diesem Treffer musste der FC dem bis zu diesem Zeitzpunkt&nbsp; Hohen Tempo Tribut zollen und steckte im Gef\u00fchl des sicheren Sieges etwas zur\u00fcck, so dass in der Schlussphase Stockach besser ins Spiel kam.&nbsp;Zu mehr als dem Ehrentreffer durch Rene Greuter in&nbsp;der 79. Minute reichte es aber nicht mehr.&nbsp;(gh)<\/p>\n<p>Tore: 1:0 Kuczkowski (37.) 2:0 Keller (44.) 3:0 Heberle (45.) 4:0 Kuczkowski (69,) 4:1 Greuter (79.)<\/p>\n<p><span style=\"color: initial;\">SR: Redmann (Salem) <\/span>Z.: 170<\/p>\n","protected":false},"excerpt":{"rendered":"<p>Es entwickelte sich von Anfang an eine abwechslungsreiche Partie, der allerdings zun\u00e4chst die spielerischen&nbsp;H\u00f6hepunkte fehlten. Beide gut positionierten Abwehrreihen lie\u00dfen in der ersten halben Stunde&nbsp;keine nennenswerten M\u00f6glichkeiten zu. In der 31. Minute musste G\u00e4stetorh\u00fcter Lars Schuler gegen den&nbsp;frei vor ihm auftauchenden Jonas Heberle sein ganzes K\u00f6nnen aufbieten um die F\u00fchrung der Gastgeber&nbsp;zu verhindern. In der [&hellip;]<\/p>\n","protected":false},"author":2,"featured_media":0,"comment_status":"open","ping_status":"closed","sticky":false,"template":"","format":"standard","meta":{"ngg_post_thumbnail":0},"categories":[16],"tags":[],"_links":{"self":[{"href":"https:\/\/fc09ueberlingen.de\/index.php?rest_route=\/wp\/v2\/posts\/6683"}],"collection":[{"href":"https:\/\/fc09ueberlingen.de\/index.php?rest_route=\/wp\/v2\/posts"}],"about":[{"href":"https:\/\/fc09ueberlingen.de\/index.php?rest_route=\/wp\/v2\/types\/post"}],"author":[{"embeddable":true,"href":"https:\/\/fc09ueberlingen.de\/index.php?rest_route=\/wp\/v2\/users\/2"}],"replies":[{"embeddable":true,"href":"https:\/\/fc09ueberlingen.de\/index.php?rest_route=%2Fwp%2Fv2%2Fcomments&post=6683"}],"version-history":[{"count":1,"href":"https:\/\/fc09ueberlingen.de\/index.php?rest_route=\/wp\/v2\/posts\/6683\/revisions"}],"predecessor-version":[{"id":6684,"href":"https:\/\/fc09ueberlingen.de\/index.php?rest_route=\/wp\/v2\/posts\/6683\/revisions\/6684"}],"wp:attachment":[{"href":"https:\/\/fc09ueberlingen.de\/index.php?rest_route=%2Fwp%2Fv2%2Fmedia&parent=6683"}],"wp:term":[{"taxonomy":"category","embeddable":true,"href":"https:\/\/fc09ueberlingen.de\/index.php?rest_route=%2Fwp%2Fv2%2Fcategories&post=6683"},{"taxonomy":"post_tag","embeddable":true,"href":"https:\/\/fc09ueberlingen.de\/index.php?rest_route=%2Fwp%2Fv2%2Ftags&post=6683"}],"curies":[{"name":"wp","href":"https:\/\/api.w.org\/{rel}","templated":true}]}}