{"id":6685,"date":"2022-11-13T19:08:08","date_gmt":"2022-11-13T18:08:08","guid":{"rendered":"https:\/\/fc09ueberlingen.de\/?p=6685"},"modified":"2022-11-19T19:47:07","modified_gmt":"2022-11-19T18:47:07","slug":"6685","status":"publish","type":"post","link":"https:\/\/fc09ueberlingen.de\/?p=6685","title":{"rendered":"FC \u00dcberlingen &#8211; FC Radolfzell\u00a0 2 : 0\u00a0 \u00a0( 0 : 0 )\ufffc"},"content":{"rendered":"<p>Den insbesondere in der ersten Halbzeit sehr offensiv auftretenden G\u00e4sten bot sich schon in der 2.<span style=\"color: initial;\">Minute die Chance zum F\u00fchrungstreffer. Max Chrobok hatte den \u00dcberlinger Torh\u00fcter&nbsp;<\/span>Maximilian Ritzler bereits ausgespielt, Jannik Gerlach konnte ihm aber den Ball in letzter Sekunde&nbsp;abjagen. Da auch \u00dcberlingen sein Gl\u00fcck in der Offensive suchte entwickelte sich in der ersten Halbzeit&nbsp;eine schnelle und abwechslungsreiche Partie. Die erste \u00dcberlinger Torchance war in der 9. Minute zu verzeichnen, als&nbsp;der Radolfzeller Torh\u00fcter Pascal Bisinger bei einem Distanzschuss von Marc Kuczkowski M\u00fche hatte diesen zu parieren. Die n\u00e4chste Radolfzeller Gro\u00dfchance hatte wieder Chrobok, der alleine auf das \u00dcberlinger Tor lief, jedoch vom \u00dcberlinger Ramzi Temini gestoppt werden konnte. In der 39. Minute wurde eine&nbsp;gef\u00e4hrliche Hereingabe von Kuczkowski die der Torlinie entlang trudelte, zur Ecke gekl\u00e4rt. Nach diesem Eckball verfehlt ein Kopfball von Joshua&nbsp;Keller ganz knapp das G\u00e4stetor.<\/p>\n<p>In der zweiten Spielh\u00e4lfte mussten die G\u00e4ste auf dem schweren Platz dem hohen Tempo Tribut zollen und \u00dcberlingen kam besser ins Spiel. In der 52. Minute gelang Keller nach einer Ecke&nbsp;mit einem wuchtigen Kopfball die F\u00fchrung der Einheimischen. Radolfzell verst\u00e4rkte daraufhin&nbsp;seine Offensivbem\u00fchungen noch mehr. Dadurch hatte \u00dcberlingen mehr Spielr\u00e4ume und es&nbsp;boten sich bei den Gegenangriffen mehrere M\u00f6glichkeiten die F\u00fchrung auszubauen.&nbsp;In der 62. Minute landete ein Schuss von Keller am Pfosten des G\u00e4stetores. Die Radolfzeller&nbsp;Angriffsversuche wurden insgesamt zu unkonzentriert vorgetragen, um die \u00dcberlinger Hintermannschaft ernsthaft in&nbsp;Gefahr zu bringen. Die endg\u00fcltige Entscheidung fiel dass in der 81. Minute, als der unmittelbar zuvor&nbsp;eingewechselte Jonas Stumpf einen musterg\u00fcltigen vorgetragenen Konter nach einem uneigenn\u00fctziges Zuspiel von Kuczkowski abschloss. (gh)<\/p>\n<p>Tore: 1:0 Keller (52.) 2:0 Stumpf (81.)<\/p>\n<p>SR.: Ga\u00dfner (Immendingen)<\/p>\n<p>Z.: 220<\/p>\n","protected":false},"excerpt":{"rendered":"<p>Den insbesondere in der ersten Halbzeit sehr offensiv auftretenden G\u00e4sten bot sich schon in der 2.Minute die Chance zum F\u00fchrungstreffer. Max Chrobok hatte den \u00dcberlinger Torh\u00fcter&nbsp;Maximilian Ritzler bereits ausgespielt, Jannik Gerlach konnte ihm aber den Ball in letzter Sekunde&nbsp;abjagen. Da auch \u00dcberlingen sein Gl\u00fcck in der Offensive suchte entwickelte sich in der ersten Halbzeit&nbsp;eine schnelle [&hellip;]<\/p>\n","protected":false},"author":2,"featured_media":0,"comment_status":"open","ping_status":"closed","sticky":false,"template":"","format":"standard","meta":{"ngg_post_thumbnail":0},"categories":[16],"tags":[],"_links":{"self":[{"href":"https:\/\/fc09ueberlingen.de\/index.php?rest_route=\/wp\/v2\/posts\/6685"}],"collection":[{"href":"https:\/\/fc09ueberlingen.de\/index.php?rest_route=\/wp\/v2\/posts"}],"about":[{"href":"https:\/\/fc09ueberlingen.de\/index.php?rest_route=\/wp\/v2\/types\/post"}],"author":[{"embeddable":true,"href":"https:\/\/fc09ueberlingen.de\/index.php?rest_route=\/wp\/v2\/users\/2"}],"replies":[{"embeddable":true,"href":"https:\/\/fc09ueberlingen.de\/index.php?rest_route=%2Fwp%2Fv2%2Fcomments&post=6685"}],"version-history":[{"count":2,"href":"https:\/\/fc09ueberlingen.de\/index.php?rest_route=\/wp\/v2\/posts\/6685\/revisions"}],"predecessor-version":[{"id":6687,"href":"https:\/\/fc09ueberlingen.de\/index.php?rest_route=\/wp\/v2\/posts\/6685\/revisions\/6687"}],"wp:attachment":[{"href":"https:\/\/fc09ueberlingen.de\/index.php?rest_route=%2Fwp%2Fv2%2Fmedia&parent=6685"}],"wp:term":[{"taxonomy":"category","embeddable":true,"href":"https:\/\/fc09ueberlingen.de\/index.php?rest_route=%2Fwp%2Fv2%2Fcategories&post=6685"},{"taxonomy":"post_tag","embeddable":true,"href":"https:\/\/fc09ueberlingen.de\/index.php?rest_route=%2Fwp%2Fv2%2Ftags&post=6685"}],"curies":[{"name":"wp","href":"https:\/\/api.w.org\/{rel}","templated":true}]}}