{"id":6689,"date":"2022-11-19T19:46:27","date_gmt":"2022-11-19T18:46:27","guid":{"rendered":"https:\/\/fc09ueberlingen.de\/?p=6689"},"modified":"2023-01-15T10:52:51","modified_gmt":"2023-01-15T09:52:51","slug":"fc-ueberlingen-sc-konstanz-wollmatingen-1-5-0-2","status":"publish","type":"post","link":"https:\/\/fc09ueberlingen.de\/?p=6689","title":{"rendered":"FC \u00dcberlingen &#8211; SC Konstanz-Wollmatingen\u00a0 1\u00a0: 5\u00a0 \u00a0 ( 0 : 2)"},"content":{"rendered":"<p>Die spielstarken G\u00e4ste dominierten die Begegnung von Anfang an. \u00dcberlingen fand in keiner Phase der Begegnung zu seiner spielerischen Linie. Ein schulm\u00e4\u00dfig&nbsp;vorgetragener Angriff schloss Jusuf Shala in der 7. Minute mit einem Sonntagschu\u00df ins Tordreieck&nbsp;zum Konstanzer F\u00fchrungstreffer ab. Bis zu ersten nennenswerten Torchance des FC dauerte es bis zur 35. Minute, als G\u00e4stetorh\u00fcter Philip Wagner einen Freisto\u00df&nbsp;von Daniel Sandhas nur mit M\u00fche abwehren konnte. Ein Freisto\u00df zwei Minuten sp\u00e4ter war auch der&nbsp;Ausgangspunkt des zweiten G\u00e4stetreffers. Nach einer zu kurzen Abwehr traf erneut&nbsp;Shala ins Dreieck ins \u00dcberlinger Tor. Unmittelbar vor dem Halbzeitpfiff setzte Josua Keller den Ball knapp&nbsp;neben das Konstanzer Tor.<br \/>\nIn den ersten Minuten der zweiten Halbzeit war den Gastgebern anzumerken, dass&nbsp;sie dem Spiel noch eine Wende geben wollten. Der erste Warnschu\u00df erfolgte durch Andreas Romeo, dessen Schu\u00df in der 48. Minute nur knapp das Konstanzer Tor verfehlte. Kurzzeitig Hoffnung&nbsp;keimte auf, als in der 49. Minute ein Schuss des \u00dcberlinger Guiseppe Luici von einem Abwehrspieler der G\u00e4ste zum Anschlusstreffer ins eigene Tor abgef\u00e4lscht wurde. Nach wenigen Minuten der&nbsp;Verunsicherung fand Konstanz aber schnell wieder zu seinem Spiel und beherrschte die&nbsp;Partie deutlich. In der 55. Minute traf Torj\u00e4ger Konstantin Hahn mit einem Heber nur den&nbsp;Pfosten des \u00dcberlinger Tors. Mit einem Abstauber erzielte Shala in der 60. Minute seinen dritten&nbsp;Treffer. Nach einer sch\u00f6nen Einzelleistung, bei der sich Shala gegen die \u00dcberlinger Hintermannschaft&nbsp;durchsetzen konnte, lupfte er den Ball in der 76. Minute mit seinem vierten Treffer \u00fcber die Linie. Den Schlusspunkt einer&nbsp;\u00fcber weiten Strecken einseitigen Partie setzte in der 86. Justin Krieg mit seinem Treffer zu 5:1 Endstand (gh)<\/p>\n<p>Tore: 0:1 Shala (7.) 0:2 Shala (37.) 1:2 Eigentor (49.) 1:3 Shala (60.) 1;4 Shala (76.) 1:5 Krieg (86.)<br \/>\nSR.: Speh (Me\u00dfkirch)<br \/>\nZ.: 220<\/p>\n","protected":false},"excerpt":{"rendered":"<p>Die spielstarken G\u00e4ste dominierten die Begegnung von Anfang an. \u00dcberlingen fand in keiner Phase der Begegnung zu seiner spielerischen Linie. Ein schulm\u00e4\u00dfig&nbsp;vorgetragener Angriff schloss Jusuf Shala in der 7. Minute mit einem Sonntagschu\u00df ins Tordreieck&nbsp;zum Konstanzer F\u00fchrungstreffer ab. Bis zu ersten nennenswerten Torchance des FC dauerte es bis zur 35. Minute, als G\u00e4stetorh\u00fcter Philip Wagner [&hellip;]<\/p>\n","protected":false},"author":2,"featured_media":0,"comment_status":"open","ping_status":"closed","sticky":false,"template":"","format":"standard","meta":{"ngg_post_thumbnail":0},"categories":[16],"tags":[],"_links":{"self":[{"href":"https:\/\/fc09ueberlingen.de\/index.php?rest_route=\/wp\/v2\/posts\/6689"}],"collection":[{"href":"https:\/\/fc09ueberlingen.de\/index.php?rest_route=\/wp\/v2\/posts"}],"about":[{"href":"https:\/\/fc09ueberlingen.de\/index.php?rest_route=\/wp\/v2\/types\/post"}],"author":[{"embeddable":true,"href":"https:\/\/fc09ueberlingen.de\/index.php?rest_route=\/wp\/v2\/users\/2"}],"replies":[{"embeddable":true,"href":"https:\/\/fc09ueberlingen.de\/index.php?rest_route=%2Fwp%2Fv2%2Fcomments&post=6689"}],"version-history":[{"count":1,"href":"https:\/\/fc09ueberlingen.de\/index.php?rest_route=\/wp\/v2\/posts\/6689\/revisions"}],"predecessor-version":[{"id":6690,"href":"https:\/\/fc09ueberlingen.de\/index.php?rest_route=\/wp\/v2\/posts\/6689\/revisions\/6690"}],"wp:attachment":[{"href":"https:\/\/fc09ueberlingen.de\/index.php?rest_route=%2Fwp%2Fv2%2Fmedia&parent=6689"}],"wp:term":[{"taxonomy":"category","embeddable":true,"href":"https:\/\/fc09ueberlingen.de\/index.php?rest_route=%2Fwp%2Fv2%2Fcategories&post=6689"},{"taxonomy":"post_tag","embeddable":true,"href":"https:\/\/fc09ueberlingen.de\/index.php?rest_route=%2Fwp%2Fv2%2Ftags&post=6689"}],"curies":[{"name":"wp","href":"https:\/\/api.w.org\/{rel}","templated":true}]}}