{"id":84,"date":"2014-09-14T13:02:24","date_gmt":"2014-09-14T11:02:24","guid":{"rendered":"https:\/\/fc09ueberlingen.de\/?p=84"},"modified":"2014-09-14T13:02:24","modified_gmt":"2014-09-14T11:02:24","slug":"aktuelles-c1","status":"publish","type":"post","link":"https:\/\/fc09ueberlingen.de\/?p=84","title":{"rendered":"C1-Junioren aktuelles"},"content":{"rendered":"<p><img src=\"images\/slider\/04.10.2016\/Slider2\/C1_2 (Medium).jpg\" alt=\"\" \/><\/p>\n<p>\u00a0<img src=\"images\/slider\/04.10.2016\/Slider2\/C1-3 (Medium).jpg\" alt=\"\" \/><\/p>\n<p>Unsere C1 konnte zur neuen Saison drei neue Sponsoren gewinnen.<\/p>\n<p>Bedanken wollen wir uns bei <strong>Christian Sakru (LBS Baufinanzierer in \u00dcberlingen)<\/strong> der uns neue Pr\u00e4sentationsjacken\u00a0 spendiert hat.<\/p>\n<p>Ebenfalls bedanken wollen wir uns bei <strong>Melanie Ehlers, die mit Ihrer Firma PR &amp; Lifestyle<\/strong> unseren Jungs neue Aufw\u00e4rmtrikots gesponsert hat.<\/p>\n<p>Neuer Trikotsponsor der C1 ist die <strong>Firma Leberer Massivbau u. Immobilien GmbH<\/strong> mit Sitz in \u00dcberlingen. Hier bedanken wir uns recht herzlich bei <strong>Dagmar<\/strong> <strong>und<\/strong> <strong>Wolfgang Leberer<\/strong> f\u00fcr die gro\u00dfe Unterst\u00fctzung und dem Sponsoring unserer neuen Trikots.\u00a0<\/p>\n<p>Vielen Dank f\u00fcr die gro\u00dfe Unterst\u00fctzung an alle oben genannten Personen und wir hoffen, das sie uns weiterhin als Fans unterst\u00fctzen werden.\u00a0<\/p>\n<p>\u00a0<\/p>\n<p><strong>Trainingszeiten der C1 sind Dienstag und Freitag jeweils von 17:30 Uhr bis 19:00 Uhr in Altbirnau.<\/strong><\/p>\n<p><strong>Probetraining`s<\/strong><strong> sind sehr gerne erw\u00fcnscht!<\/strong><\/p>\n<p><b>A<\/b><strong>lso wenn Ihr Lust auf Fu\u00dfball habt kommt einfach zu unseren Trainingszeiten vorbei und werdet ein Teil unseres Teams !\u00a0<\/strong><\/p>\n<h2 style=\"text-align: center;\">\u00a0<\/h2>\n<h2 style=\"text-align: center;\"><span style=\"color: #ff0000; font-size: 18pt; text-decoration: underline;\"><strong>BEGINN R\u00fcckrunde\/Trainingsvorbereitung 2018<\/strong><\/span><\/h2>\n<p>\u00a0<\/p>\n<p style=\"text-align: center;\"><span style=\"font-size: 14pt;\"><strong>Dienstag 13.02.18 17:30, Beginn <span style=\"color: #000000;\">Trainingsvorbereitung(Altbirnau)<\/span><\/strong><\/span><\/p>\n<p style=\"text-align: center;\">\u00a0<\/p>\n<p style=\"text-align: center;\"><span style=\"color: #ff0000; text-decoration: underline;\"><span style=\"font-size: 14pt;\"><strong>Vorbereitungsspiele:<\/strong><\/span><\/span><\/p>\n<p style=\"text-align: center;\"><span style=\"font-size: 14pt;\"><strong>Samstag 17.02.18, 11:30 Uhr Heimspiel gegen FC Radolfzell 2(Landesliga)<\/strong><\/span><\/p>\n<p style=\"text-align: center;\"><span style=\"font-size: 14pt;\"><strong>Sonntag 18.02.18, 14 Uhr Ausw\u00e4rts geg. FC Rielasingen-Arlen(Tabellenf\u00fchrer Kreisliga)<\/strong><\/span><\/p>\n<p style=\"text-align: center;\"><span style=\"font-size: 14pt;\"><strong>Samstag 24.02.18 Hallenturnier\/Rundumbande beim TSV Tettnang<\/strong><\/span><\/p>\n<p style=\"text-align: center;\"><span style=\"font-size: 14pt;\"><strong>Sonntag 25.02.18, 10 Uhr Heimspiel gegen JFV Singen 1(Landesliga)<\/strong><\/span><\/p>\n<p style=\"text-align: center;\"><span style=\"font-size: 14pt;\"><strong>Samstag 03.03.18, 10:30 Uhr Heimspiel gegen TSV Tettnang 1 (Landesliga BW)<\/strong><\/span><\/p>\n<p style=\"text-align: center;\">\u00a0<\/p>\n<p style=\"text-align: center;\"><span style=\"color: #ff0000; font-size: 18pt; text-decoration: underline;\"><strong>Rundenbeginn Bezirksliga:<\/strong><\/span><\/p>\n<p style=\"text-align: center;\"><span style=\"text-decoration: underline;\"><span style=\"font-size: 14pt;\"><strong>Sonntag 11.03., 15:00 Ausw\u00e4rts gegen SG Hilzingen\u00a0<\/strong><\/span><\/span><\/p>\n<p style=\"text-align: center;\">\u00a0<\/p>\n<p>\u00a0<\/p>\n<p>\u00a0<\/p>\n<h1>\u00a0<\/h1>\n<h1>\u00a0<\/h1>\n","protected":false},"excerpt":{"rendered":"<p>\u00a0 Unsere C1 konnte zur neuen Saison drei neue Sponsoren gewinnen. Bedanken wollen wir uns bei Christian Sakru (LBS Baufinanzierer in \u00dcberlingen) der uns neue Pr\u00e4sentationsjacken\u00a0 spendiert hat. Ebenfalls bedanken wollen wir uns bei Melanie Ehlers, die mit Ihrer Firma PR &amp; Lifestyle unseren Jungs neue Aufw\u00e4rmtrikots gesponsert hat. Neuer Trikotsponsor der C1 ist die [&hellip;]<\/p>\n","protected":false},"author":1,"featured_media":0,"comment_status":"open","ping_status":"open","sticky":false,"template":"","format":"standard","meta":{"ngg_post_thumbnail":0},"categories":[1],"tags":[],"_links":{"self":[{"href":"https:\/\/fc09ueberlingen.de\/index.php?rest_route=\/wp\/v2\/posts\/84"}],"collection":[{"href":"https:\/\/fc09ueberlingen.de\/index.php?rest_route=\/wp\/v2\/posts"}],"about":[{"href":"https:\/\/fc09ueberlingen.de\/index.php?rest_route=\/wp\/v2\/types\/post"}],"author":[{"embeddable":true,"href":"https:\/\/fc09ueberlingen.de\/index.php?rest_route=\/wp\/v2\/users\/1"}],"replies":[{"embeddable":true,"href":"https:\/\/fc09ueberlingen.de\/index.php?rest_route=%2Fwp%2Fv2%2Fcomments&post=84"}],"version-history":[{"count":0,"href":"https:\/\/fc09ueberlingen.de\/index.php?rest_route=\/wp\/v2\/posts\/84\/revisions"}],"wp:attachment":[{"href":"https:\/\/fc09ueberlingen.de\/index.php?rest_route=%2Fwp%2Fv2%2Fmedia&parent=84"}],"wp:term":[{"taxonomy":"category","embeddable":true,"href":"https:\/\/fc09ueberlingen.de\/index.php?rest_route=%2Fwp%2Fv2%2Fcategories&post=84"},{"taxonomy":"post_tag","embeddable":true,"href":"https:\/\/fc09ueberlingen.de\/index.php?rest_route=%2Fwp%2Fv2%2Ftags&post=84"}],"curies":[{"name":"wp","href":"https:\/\/api.w.org\/{rel}","templated":true}]}}